{"id":90944,"date":"2023-01-19T18:11:50","date_gmt":"2023-01-20T00:11:50","guid":{"rendered":"https:\/\/nvnoticias.mx\/?p=90944"},"modified":"2023-01-19T18:11:51","modified_gmt":"2023-01-20T00:11:51","slug":"partidos-politicos-2","status":"publish","type":"post","link":"https:\/\/nvnoticias.mx\/index.php\/2023\/01\/19\/partidos-politicos-2\/","title":{"rendered":"Partidos pol\u00edticos"},"content":{"rendered":"\n<p><strong>Juan<\/strong> <strong>Jos\u00e9 Rodr\u00edguez Prats<\/strong><\/p>\n\n\n\n<blockquote class=\"wp-block-quote is-layout-flow wp-block-quote-is-layout-flow\"><p><em>Un partido triunfar\u00e1 si se mantiene fiel a s\u00ed mismo.<\/em><\/p><cite><strong>Konrad Adenauer<\/strong><\/cite><\/blockquote>\n\n\n\n<p>Asumo cuatro postulados:<\/p>\n\n\n\n<p>1. Nuestra maltrecha Rep\u00fablica transit\u00f3 de un hegem\u00f3nico partido de Estado a un Estado de partidos (concepto utilizado por Max Weber hace m\u00e1s de un siglo).<\/p>\n\n\n\n<p>2. Nuestros partidos padecen una grave crisis ante el dilema de cuidar su identidad o ser competitivos.<\/p>\n\n\n\n<p>3. Los partidos son imprescindibles en las democracias.<\/p>\n\n\n\n<p>4. Si el problema sustancial de nuestra decadencia est\u00e1 en las falencias y carencias de toda \u00edndole de nuestros partidos, ah\u00ed tambi\u00e9n tienen que estar, mediante su mejor desempe\u00f1o, las posibilidades de disminuir los riesgos del derrumbe de nuestro Estado de derecho.<\/p>\n\n\n\n<p>Un gran jurista espa\u00f1ol, Manuel Garc\u00eda-Pelayo, escribi\u00f3: \u201cEl Estado democr\u00e1tico ha de configurarse como un Estado de partidos (\u2026) para proporcionarle tanto los correspondientes programas de acci\u00f3n pol\u00edtica como las personas destinadas a ser titulares o portadores de los afanes pol\u00edticos\u201d. Complementa la idea con una cita de Gustav Radbruch: \u201c\u2026sin cuya mediaci\u00f3n la masa amorfa del pueblo no estar\u00eda en condiciones de dar vida a los \u00f3rganos del poder estatal\u201d.<\/p>\n\n\n\n<p>Los partidos son producto de la sociedad y, por lo tanto, reflejan su cultura. Pretender un deslinde de ciudadan\u00eda e instituciones que organicen su participaci\u00f3n me parece un grave error. Considero una manifiesta incongruencia y un prejuicio da\u00f1ino ostentar como un m\u00e9rito el no pertenecer a una agrupaci\u00f3n y a su vez descalificar a quienes s\u00ed militamos en esa categor\u00eda de asociaciones. Los estudiosos de las causas por las cuales las democracias fenecen han se\u00f1alado el divorcio de ciudadan\u00eda y partidos como una de las m\u00e1s recurrentes.<\/p>\n\n\n\n<p>Hace m\u00e1s de un siglo surgieron dos teor\u00edas. Robert Michels (1876-1987) denomin\u00f3 a la primera \u201cLey de hierro de la oligarqu\u00eda\u201d, seg\u00fan la cual toda organizaci\u00f3n pol\u00edtica corre el riesgo de caer en manos de un peque\u00f1o grupo de personas. Por esos mismos a\u00f1os, Vilfredo Pareto (1848-1923) y Gaetano Mosca (1858-1941) acu\u00f1aron el t\u00e9rmino clase pol\u00edtica: \u201c\u2026en todo organismo pol\u00edtico hay siempre una elite que est\u00e1 por encima de la jerarqu\u00eda de toda la clase pol\u00edtica y que dirige lo que se llama el tim\u00f3n del Estado\u201d.<\/p>\n\n\n\n<p>Perd\u00f3n por tanta digresi\u00f3n. La bibliograf\u00eda es inagotable en torno a esos temas, pero es menester tener en cuenta estos conceptos para esclarecer la situaci\u00f3n en la que hoy nos encontramos.<\/p>\n\n\n\n<p>Percibo que en este siglo ha disminuido el debate econ\u00f3mico, dado el avance de las propuestas en la materia que descarta el retorno del Estado empresario o de la planificaci\u00f3n central. La globalizaci\u00f3n se ha vuelto irreversible. Atraer inversiones es el objetivo relevante de los gobiernos en los cinco continentes. Lo que persiste es qu\u00e9 decisiones tomar en torno al sistema pol\u00edtico de representaci\u00f3n. En otras palabras: democracia liberal o autocracia.<\/p>\n\n\n\n<p>Agrego un principio m\u00e1s, formulado por el vizconde Bolingbroke, Henry Saint-John, Bolingbroke en 1749: \u201cUn partido degenera en facci\u00f3n cuando el inter\u00e9s nacional deviene un objetivo secundario o subordinado y la causa (\u2026) se apoya m\u00e1s en el beneficio de partido o facci\u00f3n que en el de la naci\u00f3n\u201d.<\/p>\n\n\n\n<p>Para cerrar, otra cita m\u00e1s de Adenauer: \u201cLos partidos pol\u00edticos tienen que construirse desde la profundidad si quieren durar. Deben basarse en valores imperecederos\u201d.<\/p>\n\n\n\n<p>Con este bagaje te\u00f3rico debemos analizar la situaci\u00f3n que hoy vive nuestro atribulado M\u00e9xico. No se ve una buena operaci\u00f3n pol\u00edtica, una atadura entre lo que se quiere y c\u00f3mo lograrlo. Hablar de una elecci\u00f3n primaria abierta para enfrentar al partido en el poder es una quimera.<\/p>\n\n\n\n<p>En la obsesi\u00f3n de evitar el mal mayor, los partidos olvidan sus ordenamientos internos y sus dirigentes hacen compromisos ante el desconcierto de sus correligionarios. Afloran ambiciones y se hacen a un lado escr\u00fapulos esenciales. La idea de que el fin justifica los medios nos est\u00e1 llevando a la \u201chemiplejia moral\u201d, como dijera Ortega y Gasset. Vale la pena darse una tregua para cotejar principios y realidades.<\/p>\n","protected":false},"excerpt":{"rendered":"<p>Juan Jos\u00e9 Rodr\u00edguez Prats Un partido triunfar\u00e1 si se mantiene fiel a s\u00ed mismo. Konrad Adenauer Asumo cuatro postulados: 1. Nuestra maltrecha Rep\u00fablica transit\u00f3 de un hegem\u00f3nico partido de Estado a un Estado de partidos (concepto utilizado por Max Weber hace m\u00e1s de un siglo). 2. Nuestros partidos padecen una grave crisis ante el dilema [&hellip;]<\/p>\n","protected":false},"author":17,"featured_media":6046,"comment_status":"open","ping_status":"open","sticky":false,"template":"","format":"standard","meta":{"_monsterinsights_skip_tracking":false,"_monsterinsights_sitenote_active":false,"_monsterinsights_sitenote_note":"","_monsterinsights_sitenote_category":0,"footnotes":""},"categories":[614],"tags":[397],"class_list":["post-90944","post","type-post","status-publish","format-standard","has-post-thumbnail","hentry","category-politica-de-principios","tag-juan-jose-rodriguez-prats-2","wp-image-borders"],"amp_enabled":true,"_links":{"self":[{"href":"https:\/\/nvnoticias.mx\/index.php\/wp-json\/wp\/v2\/posts\/90944","targetHints":{"allow":["GET"]}}],"collection":[{"href":"https:\/\/nvnoticias.mx\/index.php\/wp-json\/wp\/v2\/posts"}],"about":[{"href":"https:\/\/nvnoticias.mx\/index.php\/wp-json\/wp\/v2\/types\/post"}],"author":[{"embeddable":true,"href":"https:\/\/nvnoticias.mx\/index.php\/wp-json\/wp\/v2\/users\/17"}],"replies":[{"embeddable":true,"href":"https:\/\/nvnoticias.mx\/index.php\/wp-json\/wp\/v2\/comments?post=90944"}],"version-history":[{"count":1,"href":"https:\/\/nvnoticias.mx\/index.php\/wp-json\/wp\/v2\/posts\/90944\/revisions"}],"predecessor-version":[{"id":90945,"href":"https:\/\/nvnoticias.mx\/index.php\/wp-json\/wp\/v2\/posts\/90944\/revisions\/90945"}],"wp:featuredmedia":[{"embeddable":true,"href":"https:\/\/nvnoticias.mx\/index.php\/wp-json\/wp\/v2\/media\/6046"}],"wp:attachment":[{"href":"https:\/\/nvnoticias.mx\/index.php\/wp-json\/wp\/v2\/media?parent=90944"}],"wp:term":[{"taxonomy":"category","embeddable":true,"href":"https:\/\/nvnoticias.mx\/index.php\/wp-json\/wp\/v2\/categories?post=90944"},{"taxonomy":"post_tag","embeddable":true,"href":"https:\/\/nvnoticias.mx\/index.php\/wp-json\/wp\/v2\/tags?post=90944"}],"curies":[{"name":"wp","href":"https:\/\/api.w.org\/{rel}","templated":true}]}}