{"id":90878,"date":"2023-01-19T12:44:35","date_gmt":"2023-01-19T18:44:35","guid":{"rendered":"https:\/\/nvnoticias.mx\/?p=90878"},"modified":"2023-01-19T12:44:36","modified_gmt":"2023-01-19T18:44:36","slug":"debe-reforzarse-operativos-contra-pirotecnia-en-xalapa-afirma-regidor","status":"publish","type":"post","link":"https:\/\/nvnoticias.mx\/index.php\/2023\/01\/19\/debe-reforzarse-operativos-contra-pirotecnia-en-xalapa-afirma-regidor\/","title":{"rendered":"Debe reforzarse operativos contra pirotecnia en Xalapa, afirma regidor"},"content":{"rendered":"\n<p><strong>Sam Ojeda\u00a0\/ NV Noticias<\/strong><\/p>\n\n\n\n<p>Xalapa.- Es necesario reforzar los operativos contra la pirotecnia, se\u00f1al\u00f3 el regidor del Ayuntamiento de Xalapa, Daniel Fern\u00e1ndez Carri\u00f3n.<\/p>\n\n\n\n<p>En ese sentido, se pronunci\u00f3 por seguir aplicando las multas correspondientes y lograr que en esta administraci\u00f3n se logre erradicar su uso.<\/p>\n\n\n\n<blockquote class=\"wp-block-quote is-layout-flow wp-block-quote-is-layout-flow\"><p>&#8220;<em>El operativo hay que reforzarlo, hay que reforzar tambi\u00e9n las medidas y yo voy a seguir en la lucha de la cero pirotecnia y tambi\u00e9n pedirle a la gente empat\u00eda&#8221;<\/em>.<\/p><\/blockquote>\n\n\n\n<p>Coment\u00f3 que la pirotecnia provoca lesiones por quemaduras y accidentes; sin embargo, la gente sigue usando pirotecnia.<\/p>\n\n\n\n<p>Incluso, dijo que fue evidente en los festejos de fin de a\u00f1o, el uso de la pirotecnia y hubo varias denuncias al respecto.<\/p>\n\n\n\n<blockquote class=\"wp-block-quote is-layout-flow wp-block-quote-is-layout-flow\"><p>&#8220;<em>La verdad es que a fin de a\u00f1o fue lamentable la situaci\u00f3n que tuvimos con el tema de la pirotecnia, yo desde el a\u00f1o pasado he estado trabajando en este proyecto con el alcalde, la verdad es que no ha sido una tarea f\u00e1ci<\/em>l\u201d.<\/p><\/blockquote>\n\n\n\n<p>Dijo que recibieron m\u00e1s de 200 denuncias las que se atendieron en los tel\u00e9fonos de la polic\u00eda municipal, por uso de pirotecnia, adem\u00e1s de quejas vecinales en distintas redes sociales.<\/p>\n\n\n\n<blockquote class=\"wp-block-quote is-layout-flow wp-block-quote-is-layout-flow\"><p>&#8220;<em>El tel\u00e9fono donde se denunciaba directamente era en la Polic\u00eda Municipal, se hicieron m\u00e1s de 200. Lamentablemente la gente a fin de a\u00f1o hizo mucho uso de pirotecnia &#8220;.<\/em><\/p><\/blockquote>\n","protected":false},"excerpt":{"rendered":"<p>Sam Ojeda\u00a0\/ NV Noticias Xalapa.- Es necesario reforzar los operativos contra la pirotecnia, se\u00f1al\u00f3 el regidor del Ayuntamiento de Xalapa, Daniel Fern\u00e1ndez Carri\u00f3n. En ese sentido, se pronunci\u00f3 por seguir aplicando las multas correspondientes y lograr que en esta administraci\u00f3n se logre erradicar su uso. &#8220;El operativo hay que reforzarlo, hay que reforzar tambi\u00e9n las [&hellip;]<\/p>\n","protected":false},"author":8,"featured_media":90879,"comment_status":"open","ping_status":"open","sticky":false,"template":"","format":"standard","meta":{"_monsterinsights_skip_tracking":false,"_monsterinsights_sitenote_active":false,"_monsterinsights_sitenote_note":"","_monsterinsights_sitenote_category":0,"footnotes":""},"categories":[156],"tags":[5711,7740,312],"class_list":["post-90878","post","type-post","status-publish","format-standard","has-post-thumbnail","hentry","category-estado","tag-operativos","tag-pirotecnia","tag-xalapa","wp-image-borders"],"amp_enabled":true,"_links":{"self":[{"href":"https:\/\/nvnoticias.mx\/index.php\/wp-json\/wp\/v2\/posts\/90878","targetHints":{"allow":["GET"]}}],"collection":[{"href":"https:\/\/nvnoticias.mx\/index.php\/wp-json\/wp\/v2\/posts"}],"about":[{"href":"https:\/\/nvnoticias.mx\/index.php\/wp-json\/wp\/v2\/types\/post"}],"author":[{"embeddable":true,"href":"https:\/\/nvnoticias.mx\/index.php\/wp-json\/wp\/v2\/users\/8"}],"replies":[{"embeddable":true,"href":"https:\/\/nvnoticias.mx\/index.php\/wp-json\/wp\/v2\/comments?post=90878"}],"version-history":[{"count":1,"href":"https:\/\/nvnoticias.mx\/index.php\/wp-json\/wp\/v2\/posts\/90878\/revisions"}],"predecessor-version":[{"id":90880,"href":"https:\/\/nvnoticias.mx\/index.php\/wp-json\/wp\/v2\/posts\/90878\/revisions\/90880"}],"wp:featuredmedia":[{"embeddable":true,"href":"https:\/\/nvnoticias.mx\/index.php\/wp-json\/wp\/v2\/media\/90879"}],"wp:attachment":[{"href":"https:\/\/nvnoticias.mx\/index.php\/wp-json\/wp\/v2\/media?parent=90878"}],"wp:term":[{"taxonomy":"category","embeddable":true,"href":"https:\/\/nvnoticias.mx\/index.php\/wp-json\/wp\/v2\/categories?post=90878"},{"taxonomy":"post_tag","embeddable":true,"href":"https:\/\/nvnoticias.mx\/index.php\/wp-json\/wp\/v2\/tags?post=90878"}],"curies":[{"name":"wp","href":"https:\/\/api.w.org\/{rel}","templated":true}]}}