{"id":90874,"date":"2023-01-19T12:36:36","date_gmt":"2023-01-19T18:36:36","guid":{"rendered":"https:\/\/nvnoticias.mx\/?p=90874"},"modified":"2023-01-19T12:36:37","modified_gmt":"2023-01-19T18:36:37","slug":"exigen-frenar-los-crimenes-de-odio-en-el-estado","status":"publish","type":"post","link":"https:\/\/nvnoticias.mx\/index.php\/2023\/01\/19\/exigen-frenar-los-crimenes-de-odio-en-el-estado\/","title":{"rendered":"Exigen frenar los cr\u00edmenes de odio en el estado"},"content":{"rendered":"\n<p><strong>Jes\u00fas Utrilla \/ NV Noticias<\/strong><\/p>\n\n\n\n<p>Integrantes de la Biodiversidad Sexual del Estado de Veracruz exigieron justicia por el asesinato de Denisse, en la ciudad de Veracruz, y que se act\u00fae ante los cr\u00edmenes de odio.<\/p>\n\n\n\n<p>Tony Corzo, directora estatal de la Biodiversidad Sexual en el Estado de Veracruz de la Asociaci\u00f3n Pro Libertad y Derechos Humanos, se\u00f1al\u00f3 que ya no pueden salir a trabajar con tranquilidad, pues corren el riesgo de no volver a casa.<\/p>\n\n\n\n<blockquote class=\"wp-block-quote is-layout-flow wp-block-quote-is-layout-flow\"><p>\u201c<em>Reprobamos en\u00e9rgicamente lo sucedido en contra de nuestra compa\u00f1era Denisse que desafortunadamente pierde la vida por la homofobia que existe dentro de nuestra sociedad. Pedimos a las autoridades estatales que nos brinden la protecci\u00f3n que requerimos como seres humanos independiente de nuestra preferencia sexual, ya bastante tenemos con qu\u00e9 nos insulten en la calle y nos discrimine<\/em>\u201d.<\/p><\/blockquote>\n\n\n\n<p>Por su parte Martha M\u00e1rquez, coordinadora de Programas para la Equidad de G\u00e9nero de la Asociaci\u00f3n Pro Libertad y Derechos Humanos, lament\u00f3 la falta de empat\u00eda de la sociedad en general ante los integrantes de la comunidad LGBT.<\/p>\n\n\n\n<p>Denunci\u00f3 que muchas veces las fiscal\u00edas no act\u00faan apegadas a derecho cuando se trata de un asesinato de la comunidad LGBT.<\/p>\n\n\n\n<blockquote class=\"wp-block-quote is-layout-flow wp-block-quote-is-layout-flow\"><p>\u201c<em>Exhortamos a las autoridades a que atiendan estos casos, a que demos voz a estas personas de la comunidad LGBT para que podamos tipificar un delito de odio espec\u00edfico, as\u00ed como existe Feminicidios, es importante que se establezcan protocolos correctos en cuanto a los cr\u00edmenes de odio, para que las fiscal\u00edas act\u00faen con el debido proceso<\/em>\u201d.<\/p><\/blockquote>\n\n\n\n<p>Exigi\u00f3 justicia ante los asesinatos y que se act\u00fae para prevenir que sigan suscit\u00e1ndose homicidios de integrantes de la comunidad.<\/p>\n","protected":false},"excerpt":{"rendered":"<p>Jes\u00fas Utrilla \/ NV Noticias Integrantes de la Biodiversidad Sexual del Estado de Veracruz exigieron justicia por el asesinato de Denisse, en la ciudad de Veracruz, y que se act\u00fae ante los cr\u00edmenes de odio. Tony Corzo, directora estatal de la Biodiversidad Sexual en el Estado de Veracruz de la Asociaci\u00f3n Pro Libertad y Derechos [&hellip;]<\/p>\n","protected":false},"author":8,"featured_media":88946,"comment_status":"open","ping_status":"open","sticky":false,"template":"","format":"standard","meta":{"_monsterinsights_skip_tracking":false,"_monsterinsights_sitenote_active":false,"_monsterinsights_sitenote_note":"","_monsterinsights_sitenote_category":0,"footnotes":""},"categories":[154],"tags":[3255,180],"class_list":["post-90874","post","type-post","status-publish","format-standard","has-post-thumbnail","hentry","category-veracruz","tag-crimenes-de-odio","tag-veracruz","wp-image-borders"],"amp_enabled":true,"_links":{"self":[{"href":"https:\/\/nvnoticias.mx\/index.php\/wp-json\/wp\/v2\/posts\/90874","targetHints":{"allow":["GET"]}}],"collection":[{"href":"https:\/\/nvnoticias.mx\/index.php\/wp-json\/wp\/v2\/posts"}],"about":[{"href":"https:\/\/nvnoticias.mx\/index.php\/wp-json\/wp\/v2\/types\/post"}],"author":[{"embeddable":true,"href":"https:\/\/nvnoticias.mx\/index.php\/wp-json\/wp\/v2\/users\/8"}],"replies":[{"embeddable":true,"href":"https:\/\/nvnoticias.mx\/index.php\/wp-json\/wp\/v2\/comments?post=90874"}],"version-history":[{"count":1,"href":"https:\/\/nvnoticias.mx\/index.php\/wp-json\/wp\/v2\/posts\/90874\/revisions"}],"predecessor-version":[{"id":90875,"href":"https:\/\/nvnoticias.mx\/index.php\/wp-json\/wp\/v2\/posts\/90874\/revisions\/90875"}],"wp:featuredmedia":[{"embeddable":true,"href":"https:\/\/nvnoticias.mx\/index.php\/wp-json\/wp\/v2\/media\/88946"}],"wp:attachment":[{"href":"https:\/\/nvnoticias.mx\/index.php\/wp-json\/wp\/v2\/media?parent=90874"}],"wp:term":[{"taxonomy":"category","embeddable":true,"href":"https:\/\/nvnoticias.mx\/index.php\/wp-json\/wp\/v2\/categories?post=90874"},{"taxonomy":"post_tag","embeddable":true,"href":"https:\/\/nvnoticias.mx\/index.php\/wp-json\/wp\/v2\/tags?post=90874"}],"curies":[{"name":"wp","href":"https:\/\/api.w.org\/{rel}","templated":true}]}}