{"id":90872,"date":"2023-01-19T12:33:01","date_gmt":"2023-01-19T18:33:01","guid":{"rendered":"https:\/\/nvnoticias.mx\/?p=90872"},"modified":"2023-01-19T12:33:01","modified_gmt":"2023-01-19T18:33:01","slug":"aplican-50-mil-dosis-de-la-vacuna-abdala-en-veracruz","status":"publish","type":"post","link":"https:\/\/nvnoticias.mx\/index.php\/2023\/01\/19\/aplican-50-mil-dosis-de-la-vacuna-abdala-en-veracruz\/","title":{"rendered":"Aplican 50 mil dosis de la vacuna Abdal\u00e1 en Veracruz"},"content":{"rendered":"\n<p><strong>Sam Ojeda\u00a0\/ NV Noticias<\/strong><\/p>\n\n\n\n<p>Xalapa.-&nbsp; El delegado de la Secretar\u00eda del Bienestar, Manuel Huerta Ladr\u00f3n de Guevara, inform\u00f3 que de diciembre a la fecha de han aplicado 50 mil dosis de la vacuna Abdal\u00e1 contra el covid-19.<\/p>\n\n\n\n<p>Dijo que se ha llevado la vacuna de fabricaci\u00f3n cubana a los municipios veracruzanos como reforzamiento contra el nuevo coronavirus.&nbsp;<\/p>\n\n\n\n<blockquote class=\"wp-block-quote is-layout-flow wp-block-quote-is-layout-flow\"><p>\u201c<em>En la pura vacuna Abdal\u00e1 ya llevamos 50 mil aplicaciones<\/em>\u201d, dijo el delegado.<\/p><\/blockquote>\n\n\n\n<p>Tan solo esta semana la vacuna se aplica en 165 municipios de la entidad veracruzana aunque la jornada inici\u00f3 el pasado 26 de diciembre.&nbsp;<\/p>\n\n\n\n<p>Indic\u00f3 que en la entidad veracruzana se han aplicado 13 millones de vacunas contra el covid-19.&nbsp;<\/p>\n\n\n\n<blockquote class=\"wp-block-quote is-layout-flow wp-block-quote-is-layout-flow\"><p>\u201c<em>Llevamos ya 13 millones y medio de vacuna aplicadas en el estado de Veracruz y tan solo de la Abdal\u00e1 hablamos de 50 mil aplicaciones<\/em>\u201d.\u00a0<\/p><\/blockquote>\n","protected":false},"excerpt":{"rendered":"<p>Sam Ojeda\u00a0\/ NV Noticias Xalapa.-&nbsp; El delegado de la Secretar\u00eda del Bienestar, Manuel Huerta Ladr\u00f3n de Guevara, inform\u00f3 que de diciembre a la fecha de han aplicado 50 mil dosis de la vacuna Abdal\u00e1 contra el covid-19. Dijo que se ha llevado la vacuna de fabricaci\u00f3n cubana a los municipios veracruzanos como reforzamiento contra el [&hellip;]<\/p>\n","protected":false},"author":8,"featured_media":87855,"comment_status":"open","ping_status":"open","sticky":false,"template":"","format":"standard","meta":{"_monsterinsights_skip_tracking":false,"_monsterinsights_sitenote_active":false,"_monsterinsights_sitenote_note":"","_monsterinsights_sitenote_category":0,"footnotes":""},"categories":[156],"tags":[22071,180],"class_list":["post-90872","post","type-post","status-publish","format-standard","has-post-thumbnail","hentry","category-estado","tag-vacuna-abdala","tag-veracruz","wp-image-borders"],"amp_enabled":true,"_links":{"self":[{"href":"https:\/\/nvnoticias.mx\/index.php\/wp-json\/wp\/v2\/posts\/90872","targetHints":{"allow":["GET"]}}],"collection":[{"href":"https:\/\/nvnoticias.mx\/index.php\/wp-json\/wp\/v2\/posts"}],"about":[{"href":"https:\/\/nvnoticias.mx\/index.php\/wp-json\/wp\/v2\/types\/post"}],"author":[{"embeddable":true,"href":"https:\/\/nvnoticias.mx\/index.php\/wp-json\/wp\/v2\/users\/8"}],"replies":[{"embeddable":true,"href":"https:\/\/nvnoticias.mx\/index.php\/wp-json\/wp\/v2\/comments?post=90872"}],"version-history":[{"count":1,"href":"https:\/\/nvnoticias.mx\/index.php\/wp-json\/wp\/v2\/posts\/90872\/revisions"}],"predecessor-version":[{"id":90873,"href":"https:\/\/nvnoticias.mx\/index.php\/wp-json\/wp\/v2\/posts\/90872\/revisions\/90873"}],"wp:featuredmedia":[{"embeddable":true,"href":"https:\/\/nvnoticias.mx\/index.php\/wp-json\/wp\/v2\/media\/87855"}],"wp:attachment":[{"href":"https:\/\/nvnoticias.mx\/index.php\/wp-json\/wp\/v2\/media?parent=90872"}],"wp:term":[{"taxonomy":"category","embeddable":true,"href":"https:\/\/nvnoticias.mx\/index.php\/wp-json\/wp\/v2\/categories?post=90872"},{"taxonomy":"post_tag","embeddable":true,"href":"https:\/\/nvnoticias.mx\/index.php\/wp-json\/wp\/v2\/tags?post=90872"}],"curies":[{"name":"wp","href":"https:\/\/api.w.org\/{rel}","templated":true}]}}