{"id":90805,"date":"2023-01-19T09:34:31","date_gmt":"2023-01-19T15:34:31","guid":{"rendered":"https:\/\/nvnoticias.mx\/?p=90805"},"modified":"2023-01-19T09:46:53","modified_gmt":"2023-01-19T15:46:53","slug":"pesimista-ecuador-sobre-entrada-a-alianza-del-pacifico-por-desacuerdo-con-gobierno-de-amlo","status":"publish","type":"post","link":"https:\/\/nvnoticias.mx\/index.php\/2023\/01\/19\/pesimista-ecuador-sobre-entrada-a-alianza-del-pacifico-por-desacuerdo-con-gobierno-de-amlo\/","title":{"rendered":"\u2018Pesimista\u2019 Ecuador sobre entrada a Alianza del Pac\u00edfico por desacuerdo con Gobierno de AMLO"},"content":{"rendered":"\n<p>El presidente de Ecuador,\u00a0<strong>Guillermo Lasso<\/strong>, dijo este jueves a EFE que\u00a0la negociaci\u00f3n con\u00a0M\u00e9xico\u00a0para firmar un importante acuerdo comercial est\u00e1\u00a0<strong>\u201ccongelada\u201d.<\/strong><\/p>\n\n\n\n<p>En una entrevista en Davos, donde asiste al&nbsp;<strong>Foro Econ\u00f3mico Mundial<\/strong>, Lasso tambi\u00e9n se refiri\u00f3 a las buenas previsiones econ\u00f3micas que se vislumbran para Ecuador a pesar de los malos augurios en el contexto global y dijo esperar que la poblaci\u00f3n de su pa\u00eds apoye el refer\u00e9ndum constitucional convocado para el 5 de febrero.<\/p>\n\n\n\n<blockquote class=\"wp-block-quote is-layout-flow wp-block-quote-is-layout-flow\"><p>\u201dLa negociaci\u00f3n con M\u00e9xico sobre un acuerdo de libre comercio -condici\u00f3n indispensable para&nbsp;<strong>el ingreso de Ecuador en la Alianza del Pac\u00edfico<\/strong>&#8211; est\u00e1 congelada. Ecuador tiene dos productos importantes,&nbsp;<strong>el banano y&nbsp;el camar\u00f3n<\/strong>, y M\u00e9xico nos ha expresado que no est\u00e1 dispuesto a permitir el ingreso de ambos\u201d, afirm\u00f3.<\/p><\/blockquote>\n\n\n\n<p>El mandatario ecuatoriano subray\u00f3 que no ve, por el momento, \u201cninguna salida\u201d.<\/p>\n\n\n\n<hr class=\"wp-block-separator\"\/>\n\n\n\n<p>\u201dHemos planteado alternativas para considerar la posici\u00f3n de M\u00e9xico, pero a \u00faltimo momento ellos han sido muy claros en decirnos que&nbsp;<strong>bajo ning\u00fan concepto<\/strong>&nbsp;quiere incluir el camar\u00f3n y el banano en el tratado de libre comercio\u201d, a\u00f1adi\u00f3.<\/p>\n\n\n\n<p>Este acuerdo es la principal condici\u00f3n para que Ecuador entre como&nbsp;<strong>miembro de pleno derecho<\/strong>&nbsp;en la Alianza del Pac\u00edfico, integrado por&nbsp;<strong>Chile, Colombia, M\u00e9xico y Per\u00fa<\/strong>.<\/p>\n\n\n\n<p>El grupo ten\u00eda previsto reunirse&nbsp;<strong>en diciembre pasado<\/strong>, esto despu\u00e9s de que la sede del encuentro fue cambiada de M\u00e9xico a Per\u00fa como una forma de \u2018apoyo\u2019 a Pedro Castillo, quien era todav\u00eda mandatario de esa naci\u00f3n.<\/p>\n\n\n\n<p>Sin embargo, la cumbre fue pospuesta despu\u00e9s de que Castillo fue destituido como presidente y posteriormente detenido. El pol\u00edtico est\u00e1 acusado de&nbsp;<strong>rebeli\u00f3n y conspiraci\u00f3n por un fallido autogolpe de Estado<\/strong>.<\/p>\n\n\n\n<p>El presidente Andr\u00e9s Manuel L\u00f3pez Obrador se ha mostrado cr\u00edtico con el proceso llevado contra Castillo, a quien, afirm\u00f3, sigue considerando como&nbsp;el mandatario de Per\u00fa. Los \u2018roces diplom\u00e1ticos\u2019 entre M\u00e9xico y Per\u00fa llevaron a que el \u00faltimo pa\u00eds declarara&nbsp;<em>persona non grata<\/em>&nbsp;a Pablo Monroy&nbsp;y ordenara su expulsi\u00f3n.<\/p>\n\n\n\n<p>Fuente:<a href=\"https:\/\/www.elfinanciero.com.mx\/economia\/2023\/01\/19\/alianza-del-pacifico-ecuador-pesimista-sobre-entrada-por-desacuerdo-con-mexico\/\" data-type=\"URL\" data-id=\"https:\/\/www.elfinanciero.com.mx\/economia\/2023\/01\/19\/alianza-del-pacifico-ecuador-pesimista-sobre-entrada-por-desacuerdo-con-mexico\/\"> El Financiero<\/a><\/p>\n","protected":false},"excerpt":{"rendered":"<p>El presidente de Ecuador,\u00a0Guillermo Lasso, dijo este jueves a EFE que\u00a0la negociaci\u00f3n con\u00a0M\u00e9xico\u00a0para firmar un importante acuerdo comercial est\u00e1\u00a0\u201ccongelada\u201d. En una entrevista en Davos, donde asiste al&nbsp;Foro Econ\u00f3mico Mundial, Lasso tambi\u00e9n se refiri\u00f3 a las buenas previsiones econ\u00f3micas que se vislumbran para Ecuador a pesar de los malos augurios en el contexto global y dijo [&hellip;]<\/p>\n","protected":false},"author":35,"featured_media":84906,"comment_status":"open","ping_status":"open","sticky":false,"template":"","format":"standard","meta":{"_monsterinsights_skip_tracking":false,"_monsterinsights_sitenote_active":false,"_monsterinsights_sitenote_note":"","_monsterinsights_sitenote_category":0,"footnotes":""},"categories":[158],"tags":[5294,22617,22618,162],"class_list":["post-90805","post","type-post","status-publish","format-standard","has-post-thumbnail","hentry","category-politica","tag-ecuador","tag-gobierno-de-amlo","tag-pesimista","tag-portada","wp-image-borders"],"amp_enabled":true,"_links":{"self":[{"href":"https:\/\/nvnoticias.mx\/index.php\/wp-json\/wp\/v2\/posts\/90805","targetHints":{"allow":["GET"]}}],"collection":[{"href":"https:\/\/nvnoticias.mx\/index.php\/wp-json\/wp\/v2\/posts"}],"about":[{"href":"https:\/\/nvnoticias.mx\/index.php\/wp-json\/wp\/v2\/types\/post"}],"author":[{"embeddable":true,"href":"https:\/\/nvnoticias.mx\/index.php\/wp-json\/wp\/v2\/users\/35"}],"replies":[{"embeddable":true,"href":"https:\/\/nvnoticias.mx\/index.php\/wp-json\/wp\/v2\/comments?post=90805"}],"version-history":[{"count":5,"href":"https:\/\/nvnoticias.mx\/index.php\/wp-json\/wp\/v2\/posts\/90805\/revisions"}],"predecessor-version":[{"id":90815,"href":"https:\/\/nvnoticias.mx\/index.php\/wp-json\/wp\/v2\/posts\/90805\/revisions\/90815"}],"wp:featuredmedia":[{"embeddable":true,"href":"https:\/\/nvnoticias.mx\/index.php\/wp-json\/wp\/v2\/media\/84906"}],"wp:attachment":[{"href":"https:\/\/nvnoticias.mx\/index.php\/wp-json\/wp\/v2\/media?parent=90805"}],"wp:term":[{"taxonomy":"category","embeddable":true,"href":"https:\/\/nvnoticias.mx\/index.php\/wp-json\/wp\/v2\/categories?post=90805"},{"taxonomy":"post_tag","embeddable":true,"href":"https:\/\/nvnoticias.mx\/index.php\/wp-json\/wp\/v2\/tags?post=90805"}],"curies":[{"name":"wp","href":"https:\/\/api.w.org\/{rel}","templated":true}]}}