{"id":9080,"date":"2021-03-26T18:02:27","date_gmt":"2021-03-27T00:02:27","guid":{"rendered":"https:\/\/nvnoticias.mx\/?p=9080"},"modified":"2021-03-26T18:02:28","modified_gmt":"2021-03-27T00:02:28","slug":"nombran-a-elizabeth-morales-coordinadora-nacional-de-rsp-en-veracruz","status":"publish","type":"post","link":"https:\/\/nvnoticias.mx\/index.php\/2021\/03\/26\/nombran-a-elizabeth-morales-coordinadora-nacional-de-rsp-en-veracruz\/","title":{"rendered":"Nombran a El\u00edzabeth Morales como coordinadora nacional de RSP en Veracruz"},"content":{"rendered":"\n<p>Sam Ojeda \/ NV Noticias<\/p>\n\n\n\n<p><br>Xalapa.- La ex alcaldesa de Xalapa, El\u00edzabeth\u00a0 Morales Garc\u00eda, fue nombrada como Coordinadora Nacional del partido Redes Sociales Progresistas en Veracruz.\u00a0<br><br>Fue el dirigente nacional de RSP, Jos\u00e9 Fernando Gonz\u00e1lez S\u00e1nchez, quien otorg\u00f3 el nombramiento\u00a0 en la Ciudad de Veracruz.\u00a0<br><br>Al hacer uso de la voz, El\u00edzabeth Morales agradeci\u00f3 el nombramiento, y asegur\u00f3 que Redes sociales Progresistas es ese nuevo partido que el pa\u00eds y Veracruz necesitan.\u00a0<br><br>\u201cMe siento muy contenta de estar aqu\u00ed, de sumarme a este nuevo partido con nuevos proyectos y con nuevos rostros. De iniciar un nuevo camino, de renovarme a su lado.\u00a0 Gracias por recibirme, y perm\u00edtanme darle las gracias en particular al hombre que dirige este partido y este proyecto para sanar juntos en una gran red a M\u00e9xico\u201d.\u00a0<br><br>Adem\u00e1s, lament\u00f3 que actualmente el pa\u00eds y el estado vivan una crisis en econom\u00eda, la pol\u00edtica, la social y ahora la sanitaria, esta \u00faltima, derivada de la pandemia por la COVID-19.\u00a0<br><br>Y agreg\u00f3 que su compromiso con el partido es el de sumar a favor de M\u00e9xico, el de trabajar de la mano de su militancia con el objetivo de sanar al pa\u00eds y el estado.\u00a0<br><br>\u201cCada uno de ustedes\u00a0 es un progresista, un y una feminista, estamos en el partido de las mujeres, de la inclusi\u00f3n de todos y de todas\u201d.\u00a0<br><br>Llam\u00f3 a la militancia para que salgan a caminar, escuchen a las personas, pero sobre todo, que aseguren el triunfo progresista.\u00a0<br><br>\u201cNo tengo ninguna duda. No est\u00e1n solos.\u00a0 Hay miles de personas all\u00e1 afuera, en la colonia, en sus casas que quieren justo lo mismo y que se sumar\u00e1n con ustedes. Con nosotros en una gran red. En una gran red progresista\u201d.\u00a0<br><br><\/p>\n","protected":false},"excerpt":{"rendered":"<p>Sam Ojeda \/ NV Noticias Xalapa.- La ex alcaldesa de Xalapa, El\u00edzabeth\u00a0 Morales Garc\u00eda, fue nombrada como Coordinadora Nacional del partido Redes Sociales Progresistas en Veracruz.\u00a0 Fue el dirigente nacional de RSP, Jos\u00e9 Fernando Gonz\u00e1lez S\u00e1nchez, quien otorg\u00f3 el nombramiento\u00a0 en la Ciudad de Veracruz.\u00a0 Al hacer uso de la voz, El\u00edzabeth Morales agradeci\u00f3 el [&hellip;]<\/p>\n","protected":false},"author":6,"featured_media":9081,"comment_status":"open","ping_status":"open","sticky":false,"template":"","format":"standard","meta":{"_monsterinsights_skip_tracking":false,"_monsterinsights_sitenote_active":false,"_monsterinsights_sitenote_note":"","_monsterinsights_sitenote_category":0,"footnotes":""},"categories":[158],"tags":[2575,560,180],"class_list":["post-9080","post","type-post","status-publish","format-standard","has-post-thumbnail","hentry","category-politica","tag-elizabeth-morales","tag-redes-sociales-progresistas","tag-veracruz","wp-image-borders"],"amp_enabled":true,"_links":{"self":[{"href":"https:\/\/nvnoticias.mx\/index.php\/wp-json\/wp\/v2\/posts\/9080","targetHints":{"allow":["GET"]}}],"collection":[{"href":"https:\/\/nvnoticias.mx\/index.php\/wp-json\/wp\/v2\/posts"}],"about":[{"href":"https:\/\/nvnoticias.mx\/index.php\/wp-json\/wp\/v2\/types\/post"}],"author":[{"embeddable":true,"href":"https:\/\/nvnoticias.mx\/index.php\/wp-json\/wp\/v2\/users\/6"}],"replies":[{"embeddable":true,"href":"https:\/\/nvnoticias.mx\/index.php\/wp-json\/wp\/v2\/comments?post=9080"}],"version-history":[{"count":1,"href":"https:\/\/nvnoticias.mx\/index.php\/wp-json\/wp\/v2\/posts\/9080\/revisions"}],"predecessor-version":[{"id":9082,"href":"https:\/\/nvnoticias.mx\/index.php\/wp-json\/wp\/v2\/posts\/9080\/revisions\/9082"}],"wp:featuredmedia":[{"embeddable":true,"href":"https:\/\/nvnoticias.mx\/index.php\/wp-json\/wp\/v2\/media\/9081"}],"wp:attachment":[{"href":"https:\/\/nvnoticias.mx\/index.php\/wp-json\/wp\/v2\/media?parent=9080"}],"wp:term":[{"taxonomy":"category","embeddable":true,"href":"https:\/\/nvnoticias.mx\/index.php\/wp-json\/wp\/v2\/categories?post=9080"},{"taxonomy":"post_tag","embeddable":true,"href":"https:\/\/nvnoticias.mx\/index.php\/wp-json\/wp\/v2\/tags?post=9080"}],"curies":[{"name":"wp","href":"https:\/\/api.w.org\/{rel}","templated":true}]}}