{"id":90776,"date":"2023-01-18T14:53:49","date_gmt":"2023-01-18T20:53:49","guid":{"rendered":"https:\/\/nvnoticias.mx\/?p=90776"},"modified":"2023-01-18T14:53:50","modified_gmt":"2023-01-18T20:53:50","slug":"reforzaran-la-seguridad-en-veracruz-y-daran-prioridad-a-las-escuelas","status":"publish","type":"post","link":"https:\/\/nvnoticias.mx\/index.php\/2023\/01\/18\/reforzaran-la-seguridad-en-veracruz-y-daran-prioridad-a-las-escuelas\/","title":{"rendered":"Reforzar\u00e1n la seguridad en Veracruz y dar\u00e1n prioridad a las escuelas"},"content":{"rendered":"\n<p><strong>Jes\u00fas Utrilla \/ NV Noticias<\/strong><\/p>\n\n\n\n<p>Por los hechos violentos recientes reforzar\u00e1n la seguridad en Veracruz y se dar\u00e1 prioridad a las inmediaciones escolares, se\u00f1al\u00f3 el titular de la Secretaria de Seguridad P\u00fablica (SSP), Cuauht\u00e9moc Z\u00fa\u00f1iga Bonilla. <\/p>\n\n\n\n<p>Lament\u00f3 el homicidio del que fue v\u00edctima el joven Joel, estudiante del Cobaev, el martes en la ciudad de Veracruz. Dijo que la Fiscal\u00eda trabaja en ese caso y en la recurrencia de delitos. <\/p>\n\n\n\n<blockquote class=\"wp-block-quote is-layout-flow wp-block-quote-is-layout-flow\"><p>\u201c<em>Todos los temas se est\u00e1n atendiendo por parte de la fiscal\u00eda y como ustedes saben, diariamente el se\u00f1or gobernador encabeza la mesa para la construcci\u00f3n de la paz a nivel estatal, donde participan autoridades federales, estatales y algunos casos municipales, en todos los eventos que se han registrado, est\u00e1n siendo atendidos por la fiscal\u00eda<\/em>\u201d.<\/p><\/blockquote>\n\n\n\n<p>Destac\u00f3 que la Fiscal\u00eda realiza las investigaciones y el \u00e1rea a su cargo mantiene la coordinaci\u00f3n con todos los niveles de gobierno para atender la situaci\u00f3n. <\/p>\n\n\n\n<p>Record\u00f3 que la conurbaci\u00f3n Veracruz-Boca del R\u00edo est\u00e1 sectorizada y se redoblar\u00e1n esfuerzos en la zona norte. <\/p>\n\n\n\n<p>Cabe recordar que en las \u00faltimas horas se registr\u00f3 el asesinato de un joven de 16 a\u00f1os, al ser asaltado por un sujeto a\u00fan no identificado en la Reserva 4; el homicidio de una mujer trans en la zona de mercados, as\u00ed como la violaci\u00f3n de una menor en un parque hace unos d\u00edas. <\/p>\n\n\n\n<p>Z\u00fa\u00f1iga Bonilla, acudi\u00f3 a la zona conurbada Veracruz-Boca del R\u00edo, a una reuni\u00f3n con empresarios, quienes solicitaron la reuni\u00f3n en materia de seguridad.<\/p>\n","protected":false},"excerpt":{"rendered":"<p>Jes\u00fas Utrilla \/ NV Noticias Por los hechos violentos recientes reforzar\u00e1n la seguridad en Veracruz y se dar\u00e1 prioridad a las inmediaciones escolares, se\u00f1al\u00f3 el titular de la Secretaria de Seguridad P\u00fablica (SSP), Cuauht\u00e9moc Z\u00fa\u00f1iga Bonilla. Lament\u00f3 el homicidio del que fue v\u00edctima el joven Joel, estudiante del Cobaev, el martes en la ciudad de [&hellip;]<\/p>\n","protected":false},"author":8,"featured_media":65735,"comment_status":"open","ping_status":"open","sticky":false,"template":"","format":"standard","meta":{"_monsterinsights_skip_tracking":false,"_monsterinsights_sitenote_active":false,"_monsterinsights_sitenote_note":"","_monsterinsights_sitenote_category":0,"footnotes":""},"categories":[154],"tags":[659,805,180],"class_list":["post-90776","post","type-post","status-publish","format-standard","has-post-thumbnail","hentry","category-veracruz","tag-escuelas","tag-seguridad","tag-veracruz","wp-image-borders"],"amp_enabled":true,"_links":{"self":[{"href":"https:\/\/nvnoticias.mx\/index.php\/wp-json\/wp\/v2\/posts\/90776","targetHints":{"allow":["GET"]}}],"collection":[{"href":"https:\/\/nvnoticias.mx\/index.php\/wp-json\/wp\/v2\/posts"}],"about":[{"href":"https:\/\/nvnoticias.mx\/index.php\/wp-json\/wp\/v2\/types\/post"}],"author":[{"embeddable":true,"href":"https:\/\/nvnoticias.mx\/index.php\/wp-json\/wp\/v2\/users\/8"}],"replies":[{"embeddable":true,"href":"https:\/\/nvnoticias.mx\/index.php\/wp-json\/wp\/v2\/comments?post=90776"}],"version-history":[{"count":1,"href":"https:\/\/nvnoticias.mx\/index.php\/wp-json\/wp\/v2\/posts\/90776\/revisions"}],"predecessor-version":[{"id":90778,"href":"https:\/\/nvnoticias.mx\/index.php\/wp-json\/wp\/v2\/posts\/90776\/revisions\/90778"}],"wp:featuredmedia":[{"embeddable":true,"href":"https:\/\/nvnoticias.mx\/index.php\/wp-json\/wp\/v2\/media\/65735"}],"wp:attachment":[{"href":"https:\/\/nvnoticias.mx\/index.php\/wp-json\/wp\/v2\/media?parent=90776"}],"wp:term":[{"taxonomy":"category","embeddable":true,"href":"https:\/\/nvnoticias.mx\/index.php\/wp-json\/wp\/v2\/categories?post=90776"},{"taxonomy":"post_tag","embeddable":true,"href":"https:\/\/nvnoticias.mx\/index.php\/wp-json\/wp\/v2\/tags?post=90776"}],"curies":[{"name":"wp","href":"https:\/\/api.w.org\/{rel}","templated":true}]}}