{"id":90762,"date":"2023-01-18T14:16:36","date_gmt":"2023-01-18T20:16:36","guid":{"rendered":"https:\/\/nvnoticias.mx\/?p=90762"},"modified":"2023-01-18T14:16:38","modified_gmt":"2023-01-18T20:16:38","slug":"exhorta-ayuntamiento-a-cuidar-imagen-urbana","status":"publish","type":"post","link":"https:\/\/nvnoticias.mx\/index.php\/2023\/01\/18\/exhorta-ayuntamiento-a-cuidar-imagen-urbana\/","title":{"rendered":"Exhorta Ayuntamiento a cuidar imagen urbana"},"content":{"rendered":"\n<p>Xalapa, Ver.- Con el objetivo de disminuir la contaminaci\u00f3n visual, mejorar la perspectiva del entorno y cuidar la infraestructura donde se invierten importantes recursos p\u00fablicos, el Ayuntamiento, a trav\u00e9s de la Direcci\u00f3n de Desarrollo Urbano, exhorta a la ciudadan\u00eda a conservar la imagen urbana de la ciudad.<\/p>\n\n\n\n<p>De acuerdo con el titular del \u00e1rea, Jos\u00e9 Miguel Torres Ch\u00e1zaro, a principios del siglo XX Xalapa fue considerada la Atenas Veracruzana, no s\u00f3lo por su cultura institucional, sino tambi\u00e9n por el amor y respeto que la poblaci\u00f3n ten\u00eda por su ciudad, al cuidar la homologaci\u00f3n de las construcciones, la pintura de las fachadas y la imagen general de espacios como el Centro Hist\u00f3rico.<\/p>\n\n\n\n<p>Por ello, dijo, es importante impulsar la conservaci\u00f3n de los monumentos y construcciones con valor patrimonial que a\u00fan existen en los per\u00edmetros determinados, tanto por el Instituto Nacional de Antropolog\u00eda e Historia (INAH), como por el propio Ayuntamiento.<\/p>\n\n\n\n<p>Adem\u00e1s, record\u00f3 que con fundamento en el Art\u00edculo 72 del Bando de Polic\u00eda y Gobierno y el Reglamento de Desarrollo Urbano Municipal, existen sanciones, que van de los mil 924 y hasta los 481 mil 100 pesos, para quienes da\u00f1en el mobiliario e infraestructura urbana, las bardas en pasos elevados, puentes peatonales, postes y sem\u00e1foros, con la colocaci\u00f3n de publicidad pintada, colgada o pegada.<\/p>\n\n\n\n<p>En este sentido, el funcionario reiter\u00f3 el llamado a evitar este tipo de acciones que afectan los recientes trabajos de recuperaci\u00f3n de la imagen urbana\u00a0en\u00a0la\u00a0ciudad.<\/p>\n\n\n\n<figure class=\"wp-block-gallery columns-3 is-cropped wp-block-gallery-1 is-layout-flex wp-block-gallery-is-layout-flex\"><ul class=\"blocks-gallery-grid\"><li class=\"blocks-gallery-item\"><figure><img loading=\"lazy\" decoding=\"async\" width=\"1024\" height=\"682\" src=\"https:\/\/nvnoticias.mx\/wp-content\/uploads\/2023\/01\/Imagen-Urbana-Xalapa-1024x682.jpg\" alt=\"\" data-id=\"90763\" data-full-url=\"https:\/\/nvnoticias.mx\/wp-content\/uploads\/2023\/01\/Imagen-Urbana-Xalapa.jpg\" data-link=\"https:\/\/nvnoticias.mx\/?attachment_id=90763\" class=\"wp-image-90763\" srcset=\"https:\/\/nvnoticias.mx\/wp-content\/uploads\/2023\/01\/Imagen-Urbana-Xalapa-1024x682.jpg 1024w, https:\/\/nvnoticias.mx\/wp-content\/uploads\/2023\/01\/Imagen-Urbana-Xalapa-300x200.jpg 300w, https:\/\/nvnoticias.mx\/wp-content\/uploads\/2023\/01\/Imagen-Urbana-Xalapa-768x512.jpg 768w, https:\/\/nvnoticias.mx\/wp-content\/uploads\/2023\/01\/Imagen-Urbana-Xalapa.jpg 1280w\" sizes=\"auto, (max-width: 1024px) 100vw, 1024px\" \/><\/figure><\/li><li class=\"blocks-gallery-item\"><figure><img loading=\"lazy\" decoding=\"async\" width=\"1024\" height=\"722\" src=\"https:\/\/nvnoticias.mx\/wp-content\/uploads\/2023\/01\/Imagen-Urbana-Xalapa1-1024x722.jpg\" alt=\"\" data-id=\"90764\" data-full-url=\"https:\/\/nvnoticias.mx\/wp-content\/uploads\/2023\/01\/Imagen-Urbana-Xalapa1.jpg\" data-link=\"https:\/\/nvnoticias.mx\/?attachment_id=90764\" class=\"wp-image-90764\" srcset=\"https:\/\/nvnoticias.mx\/wp-content\/uploads\/2023\/01\/Imagen-Urbana-Xalapa1-1024x722.jpg 1024w, https:\/\/nvnoticias.mx\/wp-content\/uploads\/2023\/01\/Imagen-Urbana-Xalapa1-300x212.jpg 300w, https:\/\/nvnoticias.mx\/wp-content\/uploads\/2023\/01\/Imagen-Urbana-Xalapa1-768x541.jpg 768w, https:\/\/nvnoticias.mx\/wp-content\/uploads\/2023\/01\/Imagen-Urbana-Xalapa1-1536x1083.jpg 1536w, https:\/\/nvnoticias.mx\/wp-content\/uploads\/2023\/01\/Imagen-Urbana-Xalapa1.jpg 1600w\" sizes=\"auto, (max-width: 1024px) 100vw, 1024px\" \/><\/figure><\/li><li class=\"blocks-gallery-item\"><figure><img loading=\"lazy\" decoding=\"async\" width=\"1024\" height=\"682\" src=\"https:\/\/nvnoticias.mx\/wp-content\/uploads\/2023\/01\/Imagen-Urbana-Xalapa2-1024x682.jpg\" alt=\"\" data-id=\"90765\" data-full-url=\"https:\/\/nvnoticias.mx\/wp-content\/uploads\/2023\/01\/Imagen-Urbana-Xalapa2.jpg\" data-link=\"https:\/\/nvnoticias.mx\/?attachment_id=90765\" class=\"wp-image-90765\" srcset=\"https:\/\/nvnoticias.mx\/wp-content\/uploads\/2023\/01\/Imagen-Urbana-Xalapa2-1024x682.jpg 1024w, https:\/\/nvnoticias.mx\/wp-content\/uploads\/2023\/01\/Imagen-Urbana-Xalapa2-300x200.jpg 300w, https:\/\/nvnoticias.mx\/wp-content\/uploads\/2023\/01\/Imagen-Urbana-Xalapa2-768x512.jpg 768w, https:\/\/nvnoticias.mx\/wp-content\/uploads\/2023\/01\/Imagen-Urbana-Xalapa2-1536x1023.jpg 1536w, https:\/\/nvnoticias.mx\/wp-content\/uploads\/2023\/01\/Imagen-Urbana-Xalapa2.jpg 1600w\" sizes=\"auto, (max-width: 1024px) 100vw, 1024px\" \/><\/figure><\/li><li class=\"blocks-gallery-item\"><figure><img loading=\"lazy\" decoding=\"async\" width=\"1024\" height=\"575\" src=\"https:\/\/nvnoticias.mx\/wp-content\/uploads\/2023\/01\/Imagen-Urbana-Xalapa3-1024x575.jpg\" alt=\"\" data-id=\"90766\" data-full-url=\"https:\/\/nvnoticias.mx\/wp-content\/uploads\/2023\/01\/Imagen-Urbana-Xalapa3.jpg\" data-link=\"https:\/\/nvnoticias.mx\/?attachment_id=90766\" class=\"wp-image-90766\" srcset=\"https:\/\/nvnoticias.mx\/wp-content\/uploads\/2023\/01\/Imagen-Urbana-Xalapa3-1024x576.jpg 1024w, https:\/\/nvnoticias.mx\/wp-content\/uploads\/2023\/01\/Imagen-Urbana-Xalapa3-300x169.jpg 300w, https:\/\/nvnoticias.mx\/wp-content\/uploads\/2023\/01\/Imagen-Urbana-Xalapa3-768x431.jpg 768w, https:\/\/nvnoticias.mx\/wp-content\/uploads\/2023\/01\/Imagen-Urbana-Xalapa3-600x337.jpg 600w, https:\/\/nvnoticias.mx\/wp-content\/uploads\/2023\/01\/Imagen-Urbana-Xalapa3.jpg 1280w\" sizes=\"auto, (max-width: 1024px) 100vw, 1024px\" \/><\/figure><\/li><\/ul><\/figure>\n","protected":false},"excerpt":{"rendered":"<p>Xalapa, Ver.- Con el objetivo de disminuir la contaminaci\u00f3n visual, mejorar la perspectiva del entorno y cuidar la infraestructura donde se invierten importantes recursos p\u00fablicos, el Ayuntamiento, a trav\u00e9s de la Direcci\u00f3n de Desarrollo Urbano, exhorta a la ciudadan\u00eda a conservar la imagen urbana de la ciudad. De acuerdo con el titular del \u00e1rea, Jos\u00e9 [&hellip;]<\/p>\n","protected":false},"author":8,"featured_media":90767,"comment_status":"open","ping_status":"open","sticky":false,"template":"","format":"standard","meta":{"_monsterinsights_skip_tracking":false,"_monsterinsights_sitenote_active":false,"_monsterinsights_sitenote_note":"","_monsterinsights_sitenote_category":0,"footnotes":""},"categories":[156],"tags":[10426,13917],"class_list":["post-90762","post","type-post","status-publish","format-standard","has-post-thumbnail","hentry","category-estado","tag-ayuntamiento-de-xalapa","tag-imagen-urbana","wp-image-borders"],"amp_enabled":true,"_links":{"self":[{"href":"https:\/\/nvnoticias.mx\/index.php\/wp-json\/wp\/v2\/posts\/90762","targetHints":{"allow":["GET"]}}],"collection":[{"href":"https:\/\/nvnoticias.mx\/index.php\/wp-json\/wp\/v2\/posts"}],"about":[{"href":"https:\/\/nvnoticias.mx\/index.php\/wp-json\/wp\/v2\/types\/post"}],"author":[{"embeddable":true,"href":"https:\/\/nvnoticias.mx\/index.php\/wp-json\/wp\/v2\/users\/8"}],"replies":[{"embeddable":true,"href":"https:\/\/nvnoticias.mx\/index.php\/wp-json\/wp\/v2\/comments?post=90762"}],"version-history":[{"count":1,"href":"https:\/\/nvnoticias.mx\/index.php\/wp-json\/wp\/v2\/posts\/90762\/revisions"}],"predecessor-version":[{"id":90768,"href":"https:\/\/nvnoticias.mx\/index.php\/wp-json\/wp\/v2\/posts\/90762\/revisions\/90768"}],"wp:featuredmedia":[{"embeddable":true,"href":"https:\/\/nvnoticias.mx\/index.php\/wp-json\/wp\/v2\/media\/90767"}],"wp:attachment":[{"href":"https:\/\/nvnoticias.mx\/index.php\/wp-json\/wp\/v2\/media?parent=90762"}],"wp:term":[{"taxonomy":"category","embeddable":true,"href":"https:\/\/nvnoticias.mx\/index.php\/wp-json\/wp\/v2\/categories?post=90762"},{"taxonomy":"post_tag","embeddable":true,"href":"https:\/\/nvnoticias.mx\/index.php\/wp-json\/wp\/v2\/tags?post=90762"}],"curies":[{"name":"wp","href":"https:\/\/api.w.org\/{rel}","templated":true}]}}