{"id":90747,"date":"2023-01-18T13:32:29","date_gmt":"2023-01-18T19:32:29","guid":{"rendered":"https:\/\/nvnoticias.mx\/?p=90747"},"modified":"2023-01-18T13:32:29","modified_gmt":"2023-01-18T19:32:29","slug":"estiaje-no-ha-iniciado-pero-rios-estan-bajos-en-su-nivel","status":"publish","type":"post","link":"https:\/\/nvnoticias.mx\/index.php\/2023\/01\/18\/estiaje-no-ha-iniciado-pero-rios-estan-bajos-en-su-nivel\/","title":{"rendered":"Estiaje no ha iniciado pero r\u00edos est\u00e1n bajos en su nivel"},"content":{"rendered":"\n<p><strong>Sam Ojeda\u00a0\/ NV Noticias<\/strong><\/p>\n\n\n\n<p>Xalapa.- El Organismo de Cuenca Golfo-Centro de la Comisi\u00f3n Nacional del Agua (Conagua) advirti\u00f3 que m\u00e1s de 10 cuerpos de agua del estado de Veracruz disminuyeron dr\u00e1sticamente sus caudales en las \u00faltimas 24 horas.<\/p>\n\n\n\n<p>Previo al inicio de la temporada de estado, se dio a conocer que la presa La Soledad en Puebla, de donde nacen diversas cuencas veracruzanas reporta un llenado de apenas 41.2 por ciento; mientras Los Reyes y La Laguna, ambas en el estado de hidalgo, presentan una capacidad de 32 y 22 por ciento, respectivamente.<\/p>\n\n\n\n<p>Y se reportan a la baja los r\u00edos Tempoal (en la estaci\u00f3n Plat\u00f3n S\u00e1nchez y Tempoal); el r\u00edo Moctezuma (a la altura de las estaciones El Higo y El Olivo) y el r\u00edo P\u00e1nuco.<\/p>\n\n\n\n<p>Lo mismo ocurre en el r\u00edo Tuxpan, a la altura de las localidades de Sombrerete y Tuxpan; adem\u00e1s de los r\u00edos Apulco, Chalchihuapan, Tecolutla y el Tomata, en las localidades de Buenos Aires, Sontalaco, Espinal y Tomata.<\/p>\n\n\n\n<p>As\u00ed como El Kilate en la congregaci\u00f3n Libertad, municipio de Nautla; El Tejar, del r\u00edo Jamapa-Cotaxtla; as\u00ed como las cuencas Petlapa, Tonto, Coyolapa y el Cosolapa.<\/p>\n\n\n\n<p>Cabe destacar que de manera general la Conagua se\u00f1al\u00f3 que en el pa\u00eds 57 presas con niveles por debajo de la mitad de su capacidad.<\/p>\n","protected":false},"excerpt":{"rendered":"<p>Sam Ojeda\u00a0\/ NV Noticias Xalapa.- El Organismo de Cuenca Golfo-Centro de la Comisi\u00f3n Nacional del Agua (Conagua) advirti\u00f3 que m\u00e1s de 10 cuerpos de agua del estado de Veracruz disminuyeron dr\u00e1sticamente sus caudales en las \u00faltimas 24 horas. Previo al inicio de la temporada de estado, se dio a conocer que la presa La Soledad [&hellip;]<\/p>\n","protected":false},"author":8,"featured_media":90748,"comment_status":"open","ping_status":"open","sticky":false,"template":"","format":"standard","meta":{"_monsterinsights_skip_tracking":false,"_monsterinsights_sitenote_active":false,"_monsterinsights_sitenote_note":"","_monsterinsights_sitenote_category":0,"footnotes":""},"categories":[156],"tags":[2539],"class_list":["post-90747","post","type-post","status-publish","format-standard","has-post-thumbnail","hentry","category-estado","tag-estiaje","wp-image-borders"],"amp_enabled":true,"_links":{"self":[{"href":"https:\/\/nvnoticias.mx\/index.php\/wp-json\/wp\/v2\/posts\/90747","targetHints":{"allow":["GET"]}}],"collection":[{"href":"https:\/\/nvnoticias.mx\/index.php\/wp-json\/wp\/v2\/posts"}],"about":[{"href":"https:\/\/nvnoticias.mx\/index.php\/wp-json\/wp\/v2\/types\/post"}],"author":[{"embeddable":true,"href":"https:\/\/nvnoticias.mx\/index.php\/wp-json\/wp\/v2\/users\/8"}],"replies":[{"embeddable":true,"href":"https:\/\/nvnoticias.mx\/index.php\/wp-json\/wp\/v2\/comments?post=90747"}],"version-history":[{"count":1,"href":"https:\/\/nvnoticias.mx\/index.php\/wp-json\/wp\/v2\/posts\/90747\/revisions"}],"predecessor-version":[{"id":90749,"href":"https:\/\/nvnoticias.mx\/index.php\/wp-json\/wp\/v2\/posts\/90747\/revisions\/90749"}],"wp:featuredmedia":[{"embeddable":true,"href":"https:\/\/nvnoticias.mx\/index.php\/wp-json\/wp\/v2\/media\/90748"}],"wp:attachment":[{"href":"https:\/\/nvnoticias.mx\/index.php\/wp-json\/wp\/v2\/media?parent=90747"}],"wp:term":[{"taxonomy":"category","embeddable":true,"href":"https:\/\/nvnoticias.mx\/index.php\/wp-json\/wp\/v2\/categories?post=90747"},{"taxonomy":"post_tag","embeddable":true,"href":"https:\/\/nvnoticias.mx\/index.php\/wp-json\/wp\/v2\/tags?post=90747"}],"curies":[{"name":"wp","href":"https:\/\/api.w.org\/{rel}","templated":true}]}}