{"id":90707,"date":"2023-01-18T10:37:39","date_gmt":"2023-01-18T16:37:39","guid":{"rendered":"https:\/\/nvnoticias.mx\/?p=90707"},"modified":"2023-01-18T10:37:41","modified_gmt":"2023-01-18T16:37:41","slug":"ebrard-no-le-ve-posibilidades-a-solicitud-de-el-chapo-guzman","status":"publish","type":"post","link":"https:\/\/nvnoticias.mx\/index.php\/2023\/01\/18\/ebrard-no-le-ve-posibilidades-a-solicitud-de-el-chapo-guzman\/","title":{"rendered":"Ebrard \u2018no le ve posibilidades\u2019 a solicitud de &#8220;El Chapo&#8221; Guzm\u00e1n"},"content":{"rendered":"\n<p>La solicitud de Joaqu\u00edn \u2018El Chapo\u2019 Guzm\u00e1n\u00a0para salir de la prisi\u00f3n ADX Florece y regresar a M\u00e9xico \u201cno tiene posibilidades\u201d de prosperar, consider\u00f3\u00a0<strong>el canciller Marcelo Ebrard<\/strong>.<\/p>\n\n\n\n<p>El secretario de Relaciones Exteriores subray\u00f3 que Guzm\u00e1n Loera est\u00e1 cumpliendo una sentencia dictada por la justicia de EU<strong>\u00a0(cadena perpetua m\u00e1s 30 a\u00f1os adicionales de prisi\u00f3n)<\/strong>.<\/p>\n\n\n\n<p>\u201c<strong>No le veo posibilidades, francamente<\/strong>, pero voy a revisarlo\u201d, dijo\u00a0Ebrard\u00a0en declaraciones a medios.<\/p>\n\n\n\n<p>El martes,\u00a0<strong>Jos\u00e9 Refugio Rodr\u00edguez<\/strong>, identificado como abogado de \u2018El Chapo\u2019, denunci\u00f3 que su cliente sufre de\u00a0<strong>\u201ctortura psicol\u00f3gica\u201d<\/strong>\u00a0en su encarcelamiento.<a href=\"https:\/\/www.elfinanciero.com.mx\/nacional\/2023\/01\/17\/el-chapo-en-eu-como-es-adx-florence-la-prision-de-maxima-seguridad-donde-esta-el-capo\/\"><\/a><\/p>\n\n\n\n<hr class=\"wp-block-separator\"\/>\n\n\n\n<p>El litigante dijo que Guzm\u00e1n Loera recibe un trato desigual en comparaci\u00f3n con los otros reos (menos llamadas permitidas a familiares o abogados, por ejemplo), y que se le proh\u00edbe hablar en espa\u00f1ol.<\/p>\n\n\n\n<blockquote class=\"wp-block-quote is-layout-flow wp-block-quote-is-layout-flow\"><p>\u201c<strong>No le pega el sol<\/strong>, la comida es de p\u00e9sima calidad no hay salud; estuvo enfermo de unas muelas y en vez de curarlas,\u00a0<strong>se las sacaron<\/strong>\u00a0para que no estuviera molestando\u201d, dijo en entrevista con\u00a0Ciro G\u00f3mez Leyva\u00a0para\u00a0<em>Radio F\u00f3rmula<\/em>.<\/p><\/blockquote>\n\n\n\n<p>\u2018El Chapo\u2019 considera que\u00a0su proceso de extradici\u00f3n a Estados Unidos, realizado durante la administraci\u00f3n del expresidente Enrique Pe\u00f1a Nieto, tuvo diversas violaciones al debido proceso, por lo que pidi\u00f3 la ayuda del Gobierno de Andr\u00e9s Manuel L\u00f3pez Obrador para regresar a M\u00e9xico.<\/p>\n\n\n\n<p>El litigante envi\u00f3 la solicitud a&nbsp;<strong>Esteban Moctezuma<\/strong>, embajador de M\u00e9xico en Estados Unidos, La oficina confirm\u00f3 el martes haber recibido el correo electr\u00f3nico e inform\u00f3 que fue turnado a la Canciller\u00eda.<\/p>\n\n\n\n<blockquote class=\"wp-block-quote is-layout-flow wp-block-quote-is-layout-flow\"><p>\u201c<strong>No se recibi\u00f3 carta alguna del Sr. Loera<\/strong>\u201d, subray\u00f3 .<\/p><\/blockquote>\n\n\n\n<p>Fuente: <a href=\"https:\/\/www.elfinanciero.com.mx\/nacional\/2023\/01\/18\/el-chapo-guzman-pide-regresar-a-mexico-ebrard-no-le-ve-posibilidades-a-solicitud\/?outputType=amp\" data-type=\"URL\" data-id=\"https:\/\/www.elfinanciero.com.mx\/nacional\/2023\/01\/18\/el-chapo-guzman-pide-regresar-a-mexico-ebrard-no-le-ve-posibilidades-a-solicitud\/?outputType=amp\">El Financiero<\/a> <\/p>\n","protected":false},"excerpt":{"rendered":"<p>La solicitud de Joaqu\u00edn \u2018El Chapo\u2019 Guzm\u00e1n\u00a0para salir de la prisi\u00f3n ADX Florece y regresar a M\u00e9xico \u201cno tiene posibilidades\u201d de prosperar, consider\u00f3\u00a0el canciller Marcelo Ebrard. El secretario de Relaciones Exteriores subray\u00f3 que Guzm\u00e1n Loera est\u00e1 cumpliendo una sentencia dictada por la justicia de EU\u00a0(cadena perpetua m\u00e1s 30 a\u00f1os adicionales de prisi\u00f3n). \u201cNo le veo [&hellip;]<\/p>\n","protected":false},"author":35,"featured_media":86520,"comment_status":"open","ping_status":"open","sticky":false,"template":"","format":"standard","meta":{"_monsterinsights_skip_tracking":false,"_monsterinsights_sitenote_active":false,"_monsterinsights_sitenote_note":"","_monsterinsights_sitenote_category":0,"footnotes":""},"categories":[158],"tags":[544,391,162],"class_list":["post-90707","post","type-post","status-publish","format-standard","has-post-thumbnail","hentry","category-politica","tag-el-chapo-guzman","tag-marcelo-ebrard","tag-portada","wp-image-borders"],"amp_enabled":true,"_links":{"self":[{"href":"https:\/\/nvnoticias.mx\/index.php\/wp-json\/wp\/v2\/posts\/90707","targetHints":{"allow":["GET"]}}],"collection":[{"href":"https:\/\/nvnoticias.mx\/index.php\/wp-json\/wp\/v2\/posts"}],"about":[{"href":"https:\/\/nvnoticias.mx\/index.php\/wp-json\/wp\/v2\/types\/post"}],"author":[{"embeddable":true,"href":"https:\/\/nvnoticias.mx\/index.php\/wp-json\/wp\/v2\/users\/35"}],"replies":[{"embeddable":true,"href":"https:\/\/nvnoticias.mx\/index.php\/wp-json\/wp\/v2\/comments?post=90707"}],"version-history":[{"count":3,"href":"https:\/\/nvnoticias.mx\/index.php\/wp-json\/wp\/v2\/posts\/90707\/revisions"}],"predecessor-version":[{"id":90710,"href":"https:\/\/nvnoticias.mx\/index.php\/wp-json\/wp\/v2\/posts\/90707\/revisions\/90710"}],"wp:featuredmedia":[{"embeddable":true,"href":"https:\/\/nvnoticias.mx\/index.php\/wp-json\/wp\/v2\/media\/86520"}],"wp:attachment":[{"href":"https:\/\/nvnoticias.mx\/index.php\/wp-json\/wp\/v2\/media?parent=90707"}],"wp:term":[{"taxonomy":"category","embeddable":true,"href":"https:\/\/nvnoticias.mx\/index.php\/wp-json\/wp\/v2\/categories?post=90707"},{"taxonomy":"post_tag","embeddable":true,"href":"https:\/\/nvnoticias.mx\/index.php\/wp-json\/wp\/v2\/tags?post=90707"}],"curies":[{"name":"wp","href":"https:\/\/api.w.org\/{rel}","templated":true}]}}