{"id":90608,"date":"2023-01-17T13:29:26","date_gmt":"2023-01-17T19:29:26","guid":{"rendered":"https:\/\/nvnoticias.mx\/?p=90608"},"modified":"2023-01-17T13:29:27","modified_gmt":"2023-01-17T19:29:27","slug":"investigan-por-acoso-al-presidente-de-la-federacion-francesa-de-futbol","status":"publish","type":"post","link":"https:\/\/nvnoticias.mx\/index.php\/2023\/01\/17\/investigan-por-acoso-al-presidente-de-la-federacion-francesa-de-futbol\/","title":{"rendered":"Investigan por acoso al presidente de la Federaci\u00f3n Francesa de Futbol"},"content":{"rendered":"\n<p>La Justicia gala ha abierto una investigaci\u00f3n contra el presidente de la\u00a0Federaci\u00f3n Francesa de F\u00fatbol (FFF),\u00a0No\u00ebl Le Gra\u00ebt, por los delitos de acoso moral y acoso sexual, despu\u00e9s de que fuera suspendido de sus funciones por las acusaciones de varias mujeres y por sus pol\u00e9micas declaraciones sobre\u00a0Zinedine Zidane.<\/p>\n\n\n\n<p>La Fiscal\u00eda de Par\u00eds explic\u00f3 a EFE este martes que la investigaci\u00f3n que ha puesto en marcha es consecuencia de los elementos que le comunicaron los servicios de inspecci\u00f3n del departamento de Educaci\u00f3n y Deportes.<\/p>\n\n\n\n<p>Esos delitos est\u00e1n castigados en\u00a0Francia\u00a0con penas de hasta tres a\u00f1os de c\u00e1rcel y 45.000 euros de multa.<\/p>\n\n\n\n<p>La Fiscal\u00eda no dio m\u00e1s detalles sobre el contenido de esa comunicaci\u00f3n, pero es de conocimiento p\u00fablico que los inspectores han recibido testimonios de empleadas de la\u00a0FFF\u00a0sobre comportamientos que podr\u00edan asimilarse a acoso sexual, y tambi\u00e9n de la agente de futbolistas\u00a0Sonia Souid.<\/p>\n\n\n\n<p>En declaraciones a los medios,\u00a0Sonia Souid\u00a0hab\u00eda explicado varias situaciones embarazosas que vivi\u00f3 con\u00a0Le Gra\u00ebt\u00a0y se quej\u00f3 de que el presidente de la\u00a0FFF\u00a0la ve\u00eda no como la profesional que es, sino &#8220;como dos tetas y un culo&#8221;.<\/p>\n\n\n\n<div class=\"wp-block-image\"><figure class=\"aligncenter size-large is-resized\"><img loading=\"lazy\" decoding=\"async\" src=\"https:\/\/nvnoticias.mx\/wp-content\/uploads\/2023\/01\/image-4.png\" alt=\"\" class=\"wp-image-90609\" width=\"555\" height=\"313\" srcset=\"https:\/\/nvnoticias.mx\/wp-content\/uploads\/2023\/01\/image-4.png 570w, https:\/\/nvnoticias.mx\/wp-content\/uploads\/2023\/01\/image-4-300x169.png 300w\" sizes=\"auto, (max-width: 555px) 100vw, 555px\" \/><\/figure><\/div>\n\n\n\n<p>El pasado d\u00eda 11, la federaci\u00f3n anunci\u00f3 que lo apartaba de sus funciones hasta que se haga p\u00fablica la auditor\u00eda que ha encargado la ministra de Deportes,\u00a0Am\u00e9lie Oud\u00e9a-Cast\u00e9ra, sobre la gobernanza de la instituci\u00f3n, y en particular sobre esas acusaciones de acoso sexual.<\/p>\n\n\n\n<p>No\u00ebl Le Gra\u00ebt, que tiene 81 a\u00f1os y ha estado al frente de la instituci\u00f3n desde 2011 (su mandato expiraba en 2024), se vio tambi\u00e9n envuelto en una fuerte pol\u00e9mica por unas declaraciones a la emisora RMC el pasado d\u00eda 8, cuando se le pregunt\u00f3 por\u00a0Zidane\u00a0en relaci\u00f3n con la reciente renovaci\u00f3n de\u00a0Didier Deschamps\u00a0como seleccionador de\u00a0Francia.<\/p>\n\n\n\n<p>Cuando se le plante\u00f3 la posibilidad de que\u00a0Zinedine Zidane\u00a0opte por irse a entrenar a otro club o a otra selecci\u00f3n, una vez que se ha prolongado la vinculaci\u00f3n hasta 2026 a Deschamps, afirm\u00f3: &#8220;Me importa un bledo, \u00a1que se vaya donde quiera! Puede ir donde quiera, a un club&#8230;&#8221;.<\/p>\n\n\n\n<p>Pero no se qued\u00f3 ah\u00ed. A la cuesti\u00f3n de si hab\u00eda hablado con Zizou indic\u00f3 que, si le hubiese llamado, &#8220;no le habr\u00eda cogido siquiera el tel\u00e9fono&#8221;.<\/p>\n\n\n\n<p>Aunque luego pidi\u00f3 disculpas, a\u00a0Le Gra\u00ebt\u00a0le llovieron las cr\u00edticas por el desd\u00e9n con el que trat\u00f3 al que es una de las mayores, sino la mayor figura del f\u00fatbol franc\u00e9s en toda la historia.<\/p>\n\n\n\n<p>Fuente: <a href=\"https:\/\/www.espn.com.mx\/futbol\/francia\/nota\/_\/id\/11490280\/investigan-al-presidente-de-la-federacion-francesa-de-futbol-por-acoso\">ESPN<\/a><\/p>\n","protected":false},"excerpt":{"rendered":"<p>La Justicia gala ha abierto una investigaci\u00f3n contra el presidente de la\u00a0Federaci\u00f3n Francesa de F\u00fatbol (FFF),\u00a0No\u00ebl Le Gra\u00ebt, por los delitos de acoso moral y acoso sexual, despu\u00e9s de que fuera suspendido de sus funciones por las acusaciones de varias mujeres y por sus pol\u00e9micas declaraciones sobre\u00a0Zinedine Zidane. La Fiscal\u00eda de Par\u00eds explic\u00f3 a EFE [&hellip;]<\/p>\n","protected":false},"author":8,"featured_media":90610,"comment_status":"open","ping_status":"open","sticky":false,"template":"","format":"standard","meta":{"_monsterinsights_skip_tracking":false,"_monsterinsights_sitenote_active":false,"_monsterinsights_sitenote_note":"","_monsterinsights_sitenote_category":0,"footnotes":""},"categories":[159],"tags":[18671,22580],"class_list":["post-90608","post","type-post","status-publish","format-standard","has-post-thumbnail","hentry","category-deportes","tag-acosos","tag-fff","wp-image-borders"],"amp_enabled":true,"_links":{"self":[{"href":"https:\/\/nvnoticias.mx\/index.php\/wp-json\/wp\/v2\/posts\/90608","targetHints":{"allow":["GET"]}}],"collection":[{"href":"https:\/\/nvnoticias.mx\/index.php\/wp-json\/wp\/v2\/posts"}],"about":[{"href":"https:\/\/nvnoticias.mx\/index.php\/wp-json\/wp\/v2\/types\/post"}],"author":[{"embeddable":true,"href":"https:\/\/nvnoticias.mx\/index.php\/wp-json\/wp\/v2\/users\/8"}],"replies":[{"embeddable":true,"href":"https:\/\/nvnoticias.mx\/index.php\/wp-json\/wp\/v2\/comments?post=90608"}],"version-history":[{"count":1,"href":"https:\/\/nvnoticias.mx\/index.php\/wp-json\/wp\/v2\/posts\/90608\/revisions"}],"predecessor-version":[{"id":90611,"href":"https:\/\/nvnoticias.mx\/index.php\/wp-json\/wp\/v2\/posts\/90608\/revisions\/90611"}],"wp:featuredmedia":[{"embeddable":true,"href":"https:\/\/nvnoticias.mx\/index.php\/wp-json\/wp\/v2\/media\/90610"}],"wp:attachment":[{"href":"https:\/\/nvnoticias.mx\/index.php\/wp-json\/wp\/v2\/media?parent=90608"}],"wp:term":[{"taxonomy":"category","embeddable":true,"href":"https:\/\/nvnoticias.mx\/index.php\/wp-json\/wp\/v2\/categories?post=90608"},{"taxonomy":"post_tag","embeddable":true,"href":"https:\/\/nvnoticias.mx\/index.php\/wp-json\/wp\/v2\/tags?post=90608"}],"curies":[{"name":"wp","href":"https:\/\/api.w.org\/{rel}","templated":true}]}}