{"id":90585,"date":"2023-01-17T12:51:49","date_gmt":"2023-01-17T18:51:49","guid":{"rendered":"https:\/\/nvnoticias.mx\/?p=90585"},"modified":"2023-01-17T12:51:50","modified_gmt":"2023-01-17T18:51:50","slug":"el-14-de-febrero-se-realizaran-matrimonios-colectivos-en-veracruz","status":"publish","type":"post","link":"https:\/\/nvnoticias.mx\/index.php\/2023\/01\/17\/el-14-de-febrero-se-realizaran-matrimonios-colectivos-en-veracruz\/","title":{"rendered":"El 14 de febrero se realizar\u00e1n matrimonios colectivos en Veracruz"},"content":{"rendered":"\n<p><strong>Jes\u00fas Utrilla \/ NV Noticias<\/strong><\/p>\n\n\n\n<p>El Registro Civil de Veracruz estar\u00e1 realizando la recepci\u00f3n de documentos para las parejas que deseen formalizar su uni\u00f3n a trav\u00e9s de las Bodas Colectivas del municipio de Veracruz.<\/p>\n\n\n\n<p>Las autoridades municipales y los encargados del Registro Civil llamaron a inscribirse al programa. Las uniones se efectuar\u00e1n el 14 de febrero.<\/p>\n\n\n\n<p>El tr\u00e1mite es gratuito, es decir, los contrayentes se ahorrar\u00e1n cerca de mil 700 pesos del tr\u00e1mite. Tambi\u00e9n se podr\u00e1n unir parejas del mismo sexo, pues el C\u00f3digo Civil ya lo permite.<\/p>\n\n\n\n<blockquote class=\"wp-block-quote is-layout-flow wp-block-quote-is-layout-flow\"><p>\u201c<em>Ya pasamos la \u00e9poca de la pandemia entonces esperamos que sean muchas m\u00e1s parejas que el a\u00f1o pasado, estamos listos para recibir a las parejas que quieran formalizar su uni\u00f3n. Tienen a partir de hoy que estamos recibiendo documentos y normalmente lo hacemos hasta unos d\u00edas antes de la celebraci\u00f3n de las bodas colectivas<\/em>\u201d.<\/p><\/blockquote>\n\n\n\n<p>Los requisitos son: solicitud para contraer matrimonio, copia simple del CURP, identificaci\u00f3n oficial, comprobante de domicilio y en caso de que alguno de los<br>contrayentes sea divorciado o viudo deber\u00e1 de presentar la copia certificada del acta correspondiente.<\/p>\n\n\n\n<p>Habr\u00e1 premios para las parejas y regalos, por lo que autoridades municipales y del Registro Civil llamaron a aprovechar el programa de las Bodas Colectivas.<\/p>\n\n\n\n<p>Las bodas se realizar\u00e1n el 14 de febrero y el lugar est\u00e1 por definirse.<\/p>\n","protected":false},"excerpt":{"rendered":"<p>Jes\u00fas Utrilla \/ NV Noticias El Registro Civil de Veracruz estar\u00e1 realizando la recepci\u00f3n de documentos para las parejas que deseen formalizar su uni\u00f3n a trav\u00e9s de las Bodas Colectivas del municipio de Veracruz. Las autoridades municipales y los encargados del Registro Civil llamaron a inscribirse al programa. Las uniones se efectuar\u00e1n el 14 de [&hellip;]<\/p>\n","protected":false},"author":8,"featured_media":90589,"comment_status":"open","ping_status":"open","sticky":false,"template":"","format":"standard","meta":{"_monsterinsights_skip_tracking":false,"_monsterinsights_sitenote_active":false,"_monsterinsights_sitenote_note":"","_monsterinsights_sitenote_category":0,"footnotes":""},"categories":[154],"tags":[9538,180],"class_list":["post-90585","post","type-post","status-publish","format-standard","has-post-thumbnail","hentry","category-veracruz","tag-bodas-colectivas","tag-veracruz","wp-image-borders"],"amp_enabled":true,"_links":{"self":[{"href":"https:\/\/nvnoticias.mx\/index.php\/wp-json\/wp\/v2\/posts\/90585","targetHints":{"allow":["GET"]}}],"collection":[{"href":"https:\/\/nvnoticias.mx\/index.php\/wp-json\/wp\/v2\/posts"}],"about":[{"href":"https:\/\/nvnoticias.mx\/index.php\/wp-json\/wp\/v2\/types\/post"}],"author":[{"embeddable":true,"href":"https:\/\/nvnoticias.mx\/index.php\/wp-json\/wp\/v2\/users\/8"}],"replies":[{"embeddable":true,"href":"https:\/\/nvnoticias.mx\/index.php\/wp-json\/wp\/v2\/comments?post=90585"}],"version-history":[{"count":1,"href":"https:\/\/nvnoticias.mx\/index.php\/wp-json\/wp\/v2\/posts\/90585\/revisions"}],"predecessor-version":[{"id":90590,"href":"https:\/\/nvnoticias.mx\/index.php\/wp-json\/wp\/v2\/posts\/90585\/revisions\/90590"}],"wp:featuredmedia":[{"embeddable":true,"href":"https:\/\/nvnoticias.mx\/index.php\/wp-json\/wp\/v2\/media\/90589"}],"wp:attachment":[{"href":"https:\/\/nvnoticias.mx\/index.php\/wp-json\/wp\/v2\/media?parent=90585"}],"wp:term":[{"taxonomy":"category","embeddable":true,"href":"https:\/\/nvnoticias.mx\/index.php\/wp-json\/wp\/v2\/categories?post=90585"},{"taxonomy":"post_tag","embeddable":true,"href":"https:\/\/nvnoticias.mx\/index.php\/wp-json\/wp\/v2\/tags?post=90585"}],"curies":[{"name":"wp","href":"https:\/\/api.w.org\/{rel}","templated":true}]}}