{"id":90472,"date":"2023-01-16T13:57:30","date_gmt":"2023-01-16T19:57:30","guid":{"rendered":"https:\/\/nvnoticias.mx\/?p=90472"},"modified":"2023-01-16T13:57:30","modified_gmt":"2023-01-16T19:57:30","slug":"anuncian-el-programa-de-la-fiesta-de-la-candelaria-2023-de-soledad-de-doblado","status":"publish","type":"post","link":"https:\/\/nvnoticias.mx\/index.php\/2023\/01\/16\/anuncian-el-programa-de-la-fiesta-de-la-candelaria-2023-de-soledad-de-doblado\/","title":{"rendered":"Anuncian el programa de la Fiesta de la Candelaria 2023 de Soledad de Doblado"},"content":{"rendered":"\n<p><strong>Jes\u00fas Utrilla \/ NV Noticias<\/strong><\/p>\n\n\n\n<p>Autoridades municipales e integrantes del comit\u00e9 organizador, presentaron el programa de la Fiesta de la Candelaria 2023 de Soledad de Doblado.<\/p>\n\n\n\n<p>Tambi\u00e9n dieron a conocer a los candidatos y candidatas del evento en honor a la Virgen de la Candelaria.<\/p>\n\n\n\n<p>La alcaldesa de Soledad de Doblado, Arantxa Zamitis Sosa, dio a conocer los pormenores.<\/p>\n\n\n\n<p>Destac\u00f3 las siguientes actividades:<\/p>\n\n\n\n<p>El 1 de Febrero, ser\u00e1 la &#8220;Tradicional Cabalgata&#8221; y por la tarde en el Teatro del Pueblo Aby Espinoza de la Voz M\u00e9xico.<\/p>\n\n\n\n<p>Para el d\u00eda 2 de Febrero, en el Teatro del Pueblo, estar\u00e1 Samuel Castelli&#8221; y el Ballet Folkl\u00f3rico de la Escuela Crist\u00f3bal Col\u00f3n.<\/p>\n\n\n\n<p>Contin\u00faa la fiesta el 3 de Febrero con el tradicional desfile de Feria con la presencia de &#8220;Jawy y Karime&#8221; de Acapulco Shore. Al finalizar, el Topper y Juan Santiago en el Teatro del Pueblo.<\/p>\n\n\n\n<p>Para el 4 de Febrero, ser\u00e1 &#8220;La noche Cobaev&#8221;, al finalizar Gran baile de gala con la presencia de Banda La Adictiva, Nelson Kanzela y Kalor y Kumbia.<\/p>\n\n\n\n<p>El 5 de Febrero, por la ma\u00f1ana ser\u00e1 la Carrera de Motos, y por la noche en el Teatro del Pueblo &#8220;El Jarocho Show, Wicho Dom\u00ednguez y la participaci\u00f3n de la Casa de Cultura de Soledad de Doblado&#8221;.<\/p>\n\n\n\n<p>Garantiz\u00f3 la seguridad para todos los asistentes y quienes participen en las diferentes actividades de Soledad de Doblado.<\/p>\n\n\n\n<p>Tambi\u00e9n se hizo la presentaci\u00f3n de las candidatas y candidatos a reyes de la fiesta.<\/p>\n\n\n\n<p>La elecci\u00f3n de los reyes de la fiesta ser\u00e1 el d\u00eda s\u00e1bado 21 de enero en el Sal\u00f3n Social Limonarias en punto de las 21:00 horas y se contar\u00e1 con un jurado sorpresa.<\/p>\n","protected":false},"excerpt":{"rendered":"<p>Jes\u00fas Utrilla \/ NV Noticias Autoridades municipales e integrantes del comit\u00e9 organizador, presentaron el programa de la Fiesta de la Candelaria 2023 de Soledad de Doblado. Tambi\u00e9n dieron a conocer a los candidatos y candidatas del evento en honor a la Virgen de la Candelaria. La alcaldesa de Soledad de Doblado, Arantxa Zamitis Sosa, dio [&hellip;]<\/p>\n","protected":false},"author":8,"featured_media":90474,"comment_status":"open","ping_status":"open","sticky":false,"template":"","format":"standard","meta":{"_monsterinsights_skip_tracking":false,"_monsterinsights_sitenote_active":false,"_monsterinsights_sitenote_note":"","_monsterinsights_sitenote_category":0,"footnotes":""},"categories":[154],"tags":[9609,5423],"class_list":["post-90472","post","type-post","status-publish","format-standard","has-post-thumbnail","hentry","category-veracruz","tag-fiestas-de-la-candelaria","tag-soledad-de-doblado","wp-image-borders"],"amp_enabled":true,"_links":{"self":[{"href":"https:\/\/nvnoticias.mx\/index.php\/wp-json\/wp\/v2\/posts\/90472","targetHints":{"allow":["GET"]}}],"collection":[{"href":"https:\/\/nvnoticias.mx\/index.php\/wp-json\/wp\/v2\/posts"}],"about":[{"href":"https:\/\/nvnoticias.mx\/index.php\/wp-json\/wp\/v2\/types\/post"}],"author":[{"embeddable":true,"href":"https:\/\/nvnoticias.mx\/index.php\/wp-json\/wp\/v2\/users\/8"}],"replies":[{"embeddable":true,"href":"https:\/\/nvnoticias.mx\/index.php\/wp-json\/wp\/v2\/comments?post=90472"}],"version-history":[{"count":1,"href":"https:\/\/nvnoticias.mx\/index.php\/wp-json\/wp\/v2\/posts\/90472\/revisions"}],"predecessor-version":[{"id":90475,"href":"https:\/\/nvnoticias.mx\/index.php\/wp-json\/wp\/v2\/posts\/90472\/revisions\/90475"}],"wp:featuredmedia":[{"embeddable":true,"href":"https:\/\/nvnoticias.mx\/index.php\/wp-json\/wp\/v2\/media\/90474"}],"wp:attachment":[{"href":"https:\/\/nvnoticias.mx\/index.php\/wp-json\/wp\/v2\/media?parent=90472"}],"wp:term":[{"taxonomy":"category","embeddable":true,"href":"https:\/\/nvnoticias.mx\/index.php\/wp-json\/wp\/v2\/categories?post=90472"},{"taxonomy":"post_tag","embeddable":true,"href":"https:\/\/nvnoticias.mx\/index.php\/wp-json\/wp\/v2\/tags?post=90472"}],"curies":[{"name":"wp","href":"https:\/\/api.w.org\/{rel}","templated":true}]}}