{"id":90469,"date":"2023-01-16T13:54:39","date_gmt":"2023-01-16T19:54:39","guid":{"rendered":"https:\/\/nvnoticias.mx\/?p=90469"},"modified":"2023-01-16T13:54:40","modified_gmt":"2023-01-16T19:54:40","slug":"se-manifiestan-comerciantes-desalojados-del-malecon-de-veracruz","status":"publish","type":"post","link":"https:\/\/nvnoticias.mx\/index.php\/2023\/01\/16\/se-manifiestan-comerciantes-desalojados-del-malecon-de-veracruz\/","title":{"rendered":"Se manifiestan comerciantes desalojados del malec\u00f3n  de Veracruz"},"content":{"rendered":"\n<p><strong>Jes\u00fas Utrilla \/ NV Noticias<\/strong><\/p>\n\n\n\n<p>Comerciantes desalojados del malec\u00f3n&nbsp;&nbsp;de Veracruz se manifestaron en bajos del Palacio Municipal para exigir a las autoridades que les permitan ofrecer sus productos.<\/p>\n\n\n\n<p>Mar\u00eda Antonia P\u00e9rez Gonz\u00e1lez, representante de la Uni\u00f3n de Aut\u00e9nticos Artesanos&nbsp;&nbsp;&nbsp;comodoro Jos\u00e9 Azueta, se\u00f1al\u00f3 que el exalcalde Fernando Yunes M\u00e1rquez les dio chalecos y credenciales y hoy la presidenta municipal, Patricia Lobeira Rodr\u00edguez, ni siquiera los escucha.<\/p>\n\n\n\n<blockquote class=\"wp-block-quote is-layout-flow wp-block-quote-is-layout-flow\"><p>\u201c<em>Fernando Yunes nos recibi\u00f3, \u00e9l se acerc\u00f3 a notoria para identificarnos. La primera en llegar fui yo y le present\u00e9 a mi grupo y todo lo que nosotros vendemos. Tenemos un acta constitutiva y somos un grupo asentado legalmente y ella no se acerc\u00f3 con nosotros<\/em>\u201d.<\/p><\/blockquote>\n\n\n\n<p>Se\u00f1alaron que durante este tiempo no han podido tener ingresos, adem\u00e1s que no les dieron alguna otra opci\u00f3n para poder ofrecer sus productos, luego del desalojo del malec\u00f3n.<\/p>\n\n\n\n<p>Exigieron que les muestren documentos donde se autorizaba un desalojo legal, pues con enga\u00f1os los quitaron de su punto de venta.<\/p>\n\n\n\n<blockquote class=\"wp-block-quote is-layout-flow wp-block-quote-is-layout-flow\"><p>\u201c<em>Fue una burla por eso estamos amparamos. Somos 36 de la Uni\u00f3n de Aut\u00e9nticos Artesanos\u00a0\u00a0\u00a0comodoro Jos\u00e9 Azueta. Yo tengo 16 a\u00f1os vendiendo ah\u00ed. Siempre hemos sido objeto de desalojos. Antes est\u00e1bamos en el malec\u00f3n y nos quitaron para meter cosas que no son artesan\u00edas<\/em>\u201d.\u00a0<\/p><\/blockquote>\n\n\n\n<p>Mar\u00eda Teresa Morales Mart\u00ednez, representante de los quejosos, dijo que son 40 personas y en la \u00faltima manifestaci\u00f3n supuestamente los agredieron.<\/p>\n\n\n\n<blockquote class=\"wp-block-quote is-layout-flow wp-block-quote-is-layout-flow\"><p><em>\u201cNosotros hicimos una marcha pac\u00edfica el 3 de enero pero fuimos golpeados por \u00f3rdenes de Jorge Bobadilla, director de Gobernaci\u00f3n\u00a0\u00a0el director de Comercio, Daniel Galindo. Ella no est\u00e1 enterada de lo que nos est\u00e1n haciendo<\/em>\u201d.\u00a0<\/p><\/blockquote>\n\n\n\n<p>Las agrupaciones se plantaron en bajos del Palacio Municipal para exigir una audiencia directa con la presidenta municipal, pues consideran que ella no se encuentra enterada de las arbitrariedades.&nbsp;<\/p>\n","protected":false},"excerpt":{"rendered":"<p>Jes\u00fas Utrilla \/ NV Noticias Comerciantes desalojados del malec\u00f3n&nbsp;&nbsp;de Veracruz se manifestaron en bajos del Palacio Municipal para exigir a las autoridades que les permitan ofrecer sus productos. Mar\u00eda Antonia P\u00e9rez Gonz\u00e1lez, representante de la Uni\u00f3n de Aut\u00e9nticos Artesanos&nbsp;&nbsp;&nbsp;comodoro Jos\u00e9 Azueta, se\u00f1al\u00f3 que el exalcalde Fernando Yunes M\u00e1rquez les dio chalecos y credenciales y hoy [&hellip;]<\/p>\n","protected":false},"author":8,"featured_media":90470,"comment_status":"open","ping_status":"open","sticky":false,"template":"","format":"standard","meta":{"_monsterinsights_skip_tracking":false,"_monsterinsights_sitenote_active":false,"_monsterinsights_sitenote_note":"","_monsterinsights_sitenote_category":0,"footnotes":""},"categories":[154],"tags":[564,2738,503],"class_list":["post-90469","post","type-post","status-publish","format-standard","has-post-thumbnail","hentry","category-veracruz","tag-comerciantes","tag-malecon-de-veracruz","tag-manifestacion","wp-image-borders"],"amp_enabled":true,"_links":{"self":[{"href":"https:\/\/nvnoticias.mx\/index.php\/wp-json\/wp\/v2\/posts\/90469","targetHints":{"allow":["GET"]}}],"collection":[{"href":"https:\/\/nvnoticias.mx\/index.php\/wp-json\/wp\/v2\/posts"}],"about":[{"href":"https:\/\/nvnoticias.mx\/index.php\/wp-json\/wp\/v2\/types\/post"}],"author":[{"embeddable":true,"href":"https:\/\/nvnoticias.mx\/index.php\/wp-json\/wp\/v2\/users\/8"}],"replies":[{"embeddable":true,"href":"https:\/\/nvnoticias.mx\/index.php\/wp-json\/wp\/v2\/comments?post=90469"}],"version-history":[{"count":1,"href":"https:\/\/nvnoticias.mx\/index.php\/wp-json\/wp\/v2\/posts\/90469\/revisions"}],"predecessor-version":[{"id":90471,"href":"https:\/\/nvnoticias.mx\/index.php\/wp-json\/wp\/v2\/posts\/90469\/revisions\/90471"}],"wp:featuredmedia":[{"embeddable":true,"href":"https:\/\/nvnoticias.mx\/index.php\/wp-json\/wp\/v2\/media\/90470"}],"wp:attachment":[{"href":"https:\/\/nvnoticias.mx\/index.php\/wp-json\/wp\/v2\/media?parent=90469"}],"wp:term":[{"taxonomy":"category","embeddable":true,"href":"https:\/\/nvnoticias.mx\/index.php\/wp-json\/wp\/v2\/categories?post=90469"},{"taxonomy":"post_tag","embeddable":true,"href":"https:\/\/nvnoticias.mx\/index.php\/wp-json\/wp\/v2\/tags?post=90469"}],"curies":[{"name":"wp","href":"https:\/\/api.w.org\/{rel}","templated":true}]}}