{"id":90465,"date":"2023-01-16T13:47:57","date_gmt":"2023-01-16T19:47:57","guid":{"rendered":"https:\/\/nvnoticias.mx\/?p=90465"},"modified":"2023-01-16T13:47:59","modified_gmt":"2023-01-16T19:47:59","slug":"rafael-nadal-sufre-imprevisto-con-su-raqueta-en-el-abierto-de-australia","status":"publish","type":"post","link":"https:\/\/nvnoticias.mx\/index.php\/2023\/01\/16\/rafael-nadal-sufre-imprevisto-con-su-raqueta-en-el-abierto-de-australia\/","title":{"rendered":"Rafael Nadal sufre imprevisto con su raqueta en el Abierto de Australia"},"content":{"rendered":"\n<p>Durante la primera ronda del\u00a0Abierto de Australia,\u00a0Rafael Nadal\u00a0vivi\u00f3 una situaci\u00f3n inc\u00f3moda cuando se encontraba 4-3 arriba en el marcador, durante el primer set, el espa\u00f1ol fue a buscar una raqueta para poder cambiarla y not\u00f3 que no se encontraba la raqueta preparada.<\/p>\n\n\n\n<p>El tenista estuvo busc\u00e1ndola durante una ronda lo que llam\u00f3 la atenci\u00f3n del juez \u00e1rbitro. Todo se trat\u00f3 de una confusi\u00f3n cuando Nadal pidi\u00f3 que se llevaran una raqueta a encordar, pero se llevaron la correcta, la cual ya la ten\u00eda preparada para jugar.<\/p>\n\n\n\n<blockquote class=\"wp-block-quote is-layout-flow wp-block-quote-is-layout-flow\"><p>\u201c<em>Se la ha llevado el recogepelotas<\/em>\u201d, mencion\u00f3 un juez de l\u00ednea. <em>\u201cEl recogepelotas se ha llevado mi raqueta<\/em>\u201d, coment\u00f3 entre risas Rafael Nadal que termin\u00f3 con la victoria de 7-5 en el primer set.<\/p><\/blockquote>\n\n\n\n<p>Para la segunda ronda del Open Australia, el espa\u00f1ol se enfrentar\u00e1 a Mckenzie McDonald.<\/p>\n\n\n\n<p>Fuente: <a href=\"https:\/\/www.tudn.com\/tenis\/rafael-nadal-pierde-raqueta-primer-set-australia-open\">TUDN<\/a><\/p>\n","protected":false},"excerpt":{"rendered":"<p>Durante la primera ronda del\u00a0Abierto de Australia,\u00a0Rafael Nadal\u00a0vivi\u00f3 una situaci\u00f3n inc\u00f3moda cuando se encontraba 4-3 arriba en el marcador, durante el primer set, el espa\u00f1ol fue a buscar una raqueta para poder cambiarla y not\u00f3 que no se encontraba la raqueta preparada. El tenista estuvo busc\u00e1ndola durante una ronda lo que llam\u00f3 la atenci\u00f3n del [&hellip;]<\/p>\n","protected":false},"author":8,"featured_media":90467,"comment_status":"open","ping_status":"open","sticky":false,"template":"","format":"standard","meta":{"_monsterinsights_skip_tracking":false,"_monsterinsights_sitenote_active":false,"_monsterinsights_sitenote_note":"","_monsterinsights_sitenote_category":0,"footnotes":""},"categories":[159],"tags":[1007,3609],"class_list":["post-90465","post","type-post","status-publish","format-standard","has-post-thumbnail","hentry","category-deportes","tag-abierto-de-australia","tag-rafael-nadal","wp-image-borders"],"amp_enabled":true,"_links":{"self":[{"href":"https:\/\/nvnoticias.mx\/index.php\/wp-json\/wp\/v2\/posts\/90465","targetHints":{"allow":["GET"]}}],"collection":[{"href":"https:\/\/nvnoticias.mx\/index.php\/wp-json\/wp\/v2\/posts"}],"about":[{"href":"https:\/\/nvnoticias.mx\/index.php\/wp-json\/wp\/v2\/types\/post"}],"author":[{"embeddable":true,"href":"https:\/\/nvnoticias.mx\/index.php\/wp-json\/wp\/v2\/users\/8"}],"replies":[{"embeddable":true,"href":"https:\/\/nvnoticias.mx\/index.php\/wp-json\/wp\/v2\/comments?post=90465"}],"version-history":[{"count":1,"href":"https:\/\/nvnoticias.mx\/index.php\/wp-json\/wp\/v2\/posts\/90465\/revisions"}],"predecessor-version":[{"id":90468,"href":"https:\/\/nvnoticias.mx\/index.php\/wp-json\/wp\/v2\/posts\/90465\/revisions\/90468"}],"wp:featuredmedia":[{"embeddable":true,"href":"https:\/\/nvnoticias.mx\/index.php\/wp-json\/wp\/v2\/media\/90467"}],"wp:attachment":[{"href":"https:\/\/nvnoticias.mx\/index.php\/wp-json\/wp\/v2\/media?parent=90465"}],"wp:term":[{"taxonomy":"category","embeddable":true,"href":"https:\/\/nvnoticias.mx\/index.php\/wp-json\/wp\/v2\/categories?post=90465"},{"taxonomy":"post_tag","embeddable":true,"href":"https:\/\/nvnoticias.mx\/index.php\/wp-json\/wp\/v2\/tags?post=90465"}],"curies":[{"name":"wp","href":"https:\/\/api.w.org\/{rel}","templated":true}]}}