{"id":9044,"date":"2021-03-26T16:22:50","date_gmt":"2021-03-26T22:22:50","guid":{"rendered":"https:\/\/nvnoticias.mx\/?p=9044"},"modified":"2021-03-26T16:22:51","modified_gmt":"2021-03-26T22:22:51","slug":"trailer-the-suicide-squad-2","status":"publish","type":"post","link":"https:\/\/nvnoticias.mx\/index.php\/2021\/03\/26\/trailer-the-suicide-squad-2\/","title":{"rendered":"Primer tr\u00e1iler de &#8216;The Suicide Squad 2&#8217;"},"content":{"rendered":"\n<p>Despu\u00e9s de la espera de meses, tenemos el primer tr\u00e1iler de &#8216;The Suicide Squad 2&#8217; en la que Margot Robbie es protagonista, a su vez, contaremos con la actuaci\u00f3n del mexicano Joaqu\u00edn Cos\u00edo. Cuenta con la direcci\u00f3n de James Gunn, Warner Bros presentar\u00e1 una historia completamente diferente a la que vimos en el 2016. <\/p>\n\n\n\n<p>James Gunn hace unos a\u00f1os se hizo cargo de la direcci\u00f3n de &#8216;Guardianes de la galaxia&#8217;, tras su salida, Warner le ofreci\u00f3 dirigir cualquier titulo de DC Comics, otorg\u00e1ndole toda libertad creativa. <\/p>\n\n\n\n<p>Se estima que si la pandemia lo permite, la cinta se estrene el 6 de agosto simult\u00e1neamente en cines y en la plataforma de streaming de HBO Max. <\/p>\n\n\n\n<figure class=\"wp-block-embed is-type-rich is-provider-gestor-del-servicio wp-block-embed-gestor-del-servicio wp-embed-aspect-16-9 wp-has-aspect-ratio\"><div class=\"wp-block-embed__wrapper\">\n<iframe loading=\"lazy\" title=\"El Escuadr\u00f3n Suicida - Trailer Oficial\" width=\"880\" height=\"495\" src=\"https:\/\/www.youtube.com\/embed\/IblLmbGxw1Q?feature=oembed\" frameborder=\"0\" allow=\"accelerometer; autoplay; clipboard-write; encrypted-media; gyroscope; picture-in-picture\" allowfullscreen><\/iframe>\n<\/div><\/figure>\n\n\n\n<p>Fuente: Diario ContraR\u00e9plica <\/p>\n","protected":false},"excerpt":{"rendered":"<p>Despu\u00e9s de la espera de meses, tenemos el primer tr\u00e1iler de &#8216;The Suicide Squad 2&#8217; en la que Margot Robbie es protagonista, a su vez, contaremos con la actuaci\u00f3n del mexicano Joaqu\u00edn Cos\u00edo. Cuenta con la direcci\u00f3n de James Gunn, Warner Bros presentar\u00e1 una historia completamente diferente a la que vimos en el 2016. James [&hellip;]<\/p>\n","protected":false},"author":35,"featured_media":9045,"comment_status":"open","ping_status":"open","sticky":false,"template":"","format":"standard","meta":{"_monsterinsights_skip_tracking":false,"_monsterinsights_sitenote_active":false,"_monsterinsights_sitenote_note":"","_monsterinsights_sitenote_category":0,"footnotes":""},"categories":[576],"tags":[2126,2563,2566,2565,2564,2127],"class_list":["post-9044","post","type-post","status-publish","format-standard","has-post-thumbnail","hentry","category-ocio","tag-hbo-max","tag-james-gunn","tag-joaquin-cosio","tag-margot-robbie","tag-the-suicide-squad","tag-warner-bros","wp-image-borders"],"amp_enabled":true,"_links":{"self":[{"href":"https:\/\/nvnoticias.mx\/index.php\/wp-json\/wp\/v2\/posts\/9044","targetHints":{"allow":["GET"]}}],"collection":[{"href":"https:\/\/nvnoticias.mx\/index.php\/wp-json\/wp\/v2\/posts"}],"about":[{"href":"https:\/\/nvnoticias.mx\/index.php\/wp-json\/wp\/v2\/types\/post"}],"author":[{"embeddable":true,"href":"https:\/\/nvnoticias.mx\/index.php\/wp-json\/wp\/v2\/users\/35"}],"replies":[{"embeddable":true,"href":"https:\/\/nvnoticias.mx\/index.php\/wp-json\/wp\/v2\/comments?post=9044"}],"version-history":[{"count":4,"href":"https:\/\/nvnoticias.mx\/index.php\/wp-json\/wp\/v2\/posts\/9044\/revisions"}],"predecessor-version":[{"id":9066,"href":"https:\/\/nvnoticias.mx\/index.php\/wp-json\/wp\/v2\/posts\/9044\/revisions\/9066"}],"wp:featuredmedia":[{"embeddable":true,"href":"https:\/\/nvnoticias.mx\/index.php\/wp-json\/wp\/v2\/media\/9045"}],"wp:attachment":[{"href":"https:\/\/nvnoticias.mx\/index.php\/wp-json\/wp\/v2\/media?parent=9044"}],"wp:term":[{"taxonomy":"category","embeddable":true,"href":"https:\/\/nvnoticias.mx\/index.php\/wp-json\/wp\/v2\/categories?post=9044"},{"taxonomy":"post_tag","embeddable":true,"href":"https:\/\/nvnoticias.mx\/index.php\/wp-json\/wp\/v2\/tags?post=9044"}],"curies":[{"name":"wp","href":"https:\/\/api.w.org\/{rel}","templated":true}]}}