{"id":90414,"date":"2023-01-16T12:22:16","date_gmt":"2023-01-16T18:22:16","guid":{"rendered":"https:\/\/nvnoticias.mx\/?p=90414"},"modified":"2023-01-16T12:22:18","modified_gmt":"2023-01-16T18:22:18","slug":"anuncian-las-bodas-colectivas-de-boca-del-rio","status":"publish","type":"post","link":"https:\/\/nvnoticias.mx\/index.php\/2023\/01\/16\/anuncian-las-bodas-colectivas-de-boca-del-rio\/","title":{"rendered":"Anuncian las bodas colectivas de Boca del R\u00edo"},"content":{"rendered":"\n<p><strong>Jes\u00fas Utrilla \/ NV Noticias<\/strong><\/p>\n\n\n\n<p>El 24 de febrero se llevar\u00e1n a cabo las bodas colectivas del municipio de Boca del R\u00edo.<\/p>\n\n\n\n<p>El alcalde, Juan Manuel de Unanue Abascal,&nbsp;&nbsp;dijo que a partir del viernes se comenzar\u00e1n a recibir los documentos de las parejas interesadas.<\/p>\n\n\n\n<p>El tr\u00e1mite es gratuito, adem\u00e1s habr\u00e1 diversos regalos para las parejas.<\/p>\n\n\n\n<blockquote class=\"wp-block-quote is-layout-flow wp-block-quote-is-layout-flow\"><p>\u201c<em>Se tendr\u00e1 la oportunidad de atender a 8 parejas diarias para la recepci\u00f3n documentos y quienes deseen casarse deber\u00e1n traer los siguientes documentos, solicitud debidamente llenada que proporciona el registro civil, copia simple del curp, identificaci\u00f3n oficial, comprobante de domicilio de Boca del R\u00edo<\/em>\u201d.<\/p><\/blockquote>\n\n\n\n<p>Adem\u00e1s si alguno de los contrayentes es divorciado o viudo deber\u00e1 de presentar la copia certificada del acta correspondiente, an\u00e1lisis prenupcial.<\/p>\n\n\n\n<blockquote class=\"wp-block-quote is-layout-flow wp-block-quote-is-layout-flow\"><p>\u201c<em>Lo ideal es que cuando alguna persona que vive en Boca del R\u00edo necesiten algo en cuesti\u00f3n de salud, de alg\u00fan apoyo, aparato ortop\u00e9dico, alg\u00fan medicamento, alguna consulta psicol\u00f3gica o legal se acerquen al DIF, estamos planeando o programando nuevos programas para el DIF municipal para el 2023\u201d<\/em>.<\/p><\/blockquote>\n\n\n\n<p>Por otro lado se\u00f1al\u00f3 que este a\u00f1o se tendr\u00e1n nuevos programas sociales para apoyar a todas las familias de Boca del R\u00edo.<\/p>\n\n\n\n<p>El a\u00f1o pasado lograron casar a 100 parejas y este a\u00f1o se buscara el mismo n\u00famero o incluso superar.<\/p>\n\n\n\n<p>Las inscripciones comienzan a partir del d\u00eda 20 de enero y concluyen hasta el 20 de febrero en las oficinas del registro civil local, por lo que se dar\u00e1 todo un mes para las parejas que deseen contraer matrimonio.<\/p>\n\n\n\n<p><strong>Los requisitos para poder ser parte de las bodas colectivas son los siguientes:<\/strong><\/p>\n\n\n\n<p>Residir en Boca del R\u00edo, solicitud debidamente llenada, la cual es proporcionada por el registro civil; copia del curp; copia de una identificaci\u00f3n oficial; comprobante de domicilio; si alguno de los contrayentes es divorciado o viudo deber\u00e1 exhibir copia certificado de la acta correspondiente.<\/p>\n\n\n\n<p>Adem\u00e1s de an\u00e1lisis prenupciales o acta responsiva y por ultimo copia certificada del acta de nacimiento de ambos contrayentes.<\/p>\n","protected":false},"excerpt":{"rendered":"<p>Jes\u00fas Utrilla \/ NV Noticias El 24 de febrero se llevar\u00e1n a cabo las bodas colectivas del municipio de Boca del R\u00edo. El alcalde, Juan Manuel de Unanue Abascal,&nbsp;&nbsp;dijo que a partir del viernes se comenzar\u00e1n a recibir los documentos de las parejas interesadas. El tr\u00e1mite es gratuito, adem\u00e1s habr\u00e1 diversos regalos para las parejas. [&hellip;]<\/p>\n","protected":false},"author":8,"featured_media":90415,"comment_status":"open","ping_status":"open","sticky":false,"template":"","format":"standard","meta":{"_monsterinsights_skip_tracking":false,"_monsterinsights_sitenote_active":false,"_monsterinsights_sitenote_note":"","_monsterinsights_sitenote_category":0,"footnotes":""},"categories":[154],"tags":[423,9538],"class_list":["post-90414","post","type-post","status-publish","format-standard","has-post-thumbnail","hentry","category-veracruz","tag-boca-del-rio","tag-bodas-colectivas","wp-image-borders"],"amp_enabled":true,"_links":{"self":[{"href":"https:\/\/nvnoticias.mx\/index.php\/wp-json\/wp\/v2\/posts\/90414","targetHints":{"allow":["GET"]}}],"collection":[{"href":"https:\/\/nvnoticias.mx\/index.php\/wp-json\/wp\/v2\/posts"}],"about":[{"href":"https:\/\/nvnoticias.mx\/index.php\/wp-json\/wp\/v2\/types\/post"}],"author":[{"embeddable":true,"href":"https:\/\/nvnoticias.mx\/index.php\/wp-json\/wp\/v2\/users\/8"}],"replies":[{"embeddable":true,"href":"https:\/\/nvnoticias.mx\/index.php\/wp-json\/wp\/v2\/comments?post=90414"}],"version-history":[{"count":1,"href":"https:\/\/nvnoticias.mx\/index.php\/wp-json\/wp\/v2\/posts\/90414\/revisions"}],"predecessor-version":[{"id":90416,"href":"https:\/\/nvnoticias.mx\/index.php\/wp-json\/wp\/v2\/posts\/90414\/revisions\/90416"}],"wp:featuredmedia":[{"embeddable":true,"href":"https:\/\/nvnoticias.mx\/index.php\/wp-json\/wp\/v2\/media\/90415"}],"wp:attachment":[{"href":"https:\/\/nvnoticias.mx\/index.php\/wp-json\/wp\/v2\/media?parent=90414"}],"wp:term":[{"taxonomy":"category","embeddable":true,"href":"https:\/\/nvnoticias.mx\/index.php\/wp-json\/wp\/v2\/categories?post=90414"},{"taxonomy":"post_tag","embeddable":true,"href":"https:\/\/nvnoticias.mx\/index.php\/wp-json\/wp\/v2\/tags?post=90414"}],"curies":[{"name":"wp","href":"https:\/\/api.w.org\/{rel}","templated":true}]}}