{"id":9037,"date":"2021-03-26T11:12:55","date_gmt":"2021-03-26T17:12:55","guid":{"rendered":"https:\/\/nvnoticias.mx\/?p=9037"},"modified":"2021-03-26T11:12:56","modified_gmt":"2021-03-26T17:12:56","slug":"operativo-semana-santa-2021","status":"publish","type":"post","link":"https:\/\/nvnoticias.mx\/index.php\/2021\/03\/26\/operativo-semana-santa-2021\/","title":{"rendered":"Operativo Semana Santa 2021 estar\u00e1 vigente del 29 de marzo al 11 de abril"},"content":{"rendered":"\n<p><strong>Jes\u00fas Utrilla \/ NV Noticias<\/strong><\/p>\n\n\n\n<p>Veracruz.- Autoridades municipales anunciaron el Operativo de Semana Santa 2021 que permanecer\u00e1 vigente del lunes 29 de marzo al 11 de abril.<\/p>\n\n\n\n<p><\/p>\n\n\n\n<figure class=\"wp-block-image size-large\"><img loading=\"lazy\" decoding=\"async\" width=\"1024\" height=\"768\" src=\"https:\/\/nvnoticias.mx\/wp-content\/uploads\/2021\/03\/IMG_0512-1024x768.jpg\" alt=\"\" class=\"wp-image-9039\" srcset=\"https:\/\/nvnoticias.mx\/wp-content\/uploads\/2021\/03\/IMG_0512-1024x768.jpg 1024w, https:\/\/nvnoticias.mx\/wp-content\/uploads\/2021\/03\/IMG_0512-300x225.jpg 300w, https:\/\/nvnoticias.mx\/wp-content\/uploads\/2021\/03\/IMG_0512-768x576.jpg 768w, https:\/\/nvnoticias.mx\/wp-content\/uploads\/2021\/03\/IMG_0512-1536x1152.jpg 1536w, https:\/\/nvnoticias.mx\/wp-content\/uploads\/2021\/03\/IMG_0512.jpg 2016w\" sizes=\"auto, (max-width: 1024px) 100vw, 1024px\" \/><\/figure>\n\n\n\n<p>Se desarrollar\u00e1 en los principales puntos tur\u00edsticos de la ciudad como z\u00f3calo, malec\u00f3n, bulevar, \u00e1rea de playas y centros comerciales.<\/p>\n\n\n\n<p>Repartir\u00e1n 10 mil cubrebocas durante las dos semanas de vacaciones para quienes no lo porten o lo hayan olvidado.<\/p>\n\n\n\n<p>Participar\u00e1n 530 elementos de diferentes \u00e1reas, de los cuales 350 ser\u00e1n de seguridad.<\/p>\n\n\n\n<p>Adem\u00e1s 27 elementos de la Direcci\u00f3n de Turismo y 13 de Movilidad Urbana.<\/p>\n\n\n\n<p>Se espera el desarrollo de 35 eventos en plazuelas y el z\u00f3calo con funciones de t\u00edteres, obras de teatro, entre otros.<\/p>\n\n\n\n<p>A la par se impartir\u00e1n 14 talleres y se mantendr\u00e1 el desarrollo de Independencia Peatonal as\u00ed como la instalaci\u00f3n de un mercado en la zona del z\u00f3calo, para impulsar a por lo menos 22 artesanos y grupos art\u00edsticos.<\/p>\n\n\n\n<p>Se colocar\u00e1 un m\u00f3dulo de informaci\u00f3n tur\u00edstica en el malec\u00f3n y se vigilar\u00e1n actividades comerciales en la temporada vacacional.<\/p>\n\n\n\n<p>Las autoridades aclararon que no otorgaron permisos temporales y no se aceptar\u00e1 a gente de fuera que busque vender productos.<\/p>\n\n\n\n<p>Se respetar\u00e1 a quienes est\u00e1n empadronados y uniformados as\u00ed como al comercio establecido.<\/p>\n\n\n\n<p>Sin embargo, se vigilar\u00e1 que todos cuenten con permisos, usen cubrebocas y cumplan con licencias de funcionamiento.<\/p>\n","protected":false},"excerpt":{"rendered":"<p>Jes\u00fas Utrilla \/ NV Noticias Veracruz.- Autoridades municipales anunciaron el Operativo de Semana Santa 2021 que permanecer\u00e1 vigente del lunes 29 de marzo al 11 de abril. Se desarrollar\u00e1 en los principales puntos tur\u00edsticos de la ciudad como z\u00f3calo, malec\u00f3n, bulevar, \u00e1rea de playas y centros comerciales. Repartir\u00e1n 10 mil cubrebocas durante las dos semanas [&hellip;]<\/p>\n","protected":false},"author":6,"featured_media":9038,"comment_status":"open","ping_status":"open","sticky":false,"template":"","format":"standard","meta":{"_monsterinsights_skip_tracking":false,"_monsterinsights_sitenote_active":false,"_monsterinsights_sitenote_note":"","_monsterinsights_sitenote_category":0,"footnotes":""},"categories":[154],"tags":[2559,1732,290,1474,180],"class_list":["post-9037","post","type-post","status-publish","format-standard","has-post-thumbnail","hentry","category-veracruz","tag-abril","tag-marzo","tag-operativo","tag-semana-santa","tag-veracruz","wp-image-borders"],"amp_enabled":true,"_links":{"self":[{"href":"https:\/\/nvnoticias.mx\/index.php\/wp-json\/wp\/v2\/posts\/9037","targetHints":{"allow":["GET"]}}],"collection":[{"href":"https:\/\/nvnoticias.mx\/index.php\/wp-json\/wp\/v2\/posts"}],"about":[{"href":"https:\/\/nvnoticias.mx\/index.php\/wp-json\/wp\/v2\/types\/post"}],"author":[{"embeddable":true,"href":"https:\/\/nvnoticias.mx\/index.php\/wp-json\/wp\/v2\/users\/6"}],"replies":[{"embeddable":true,"href":"https:\/\/nvnoticias.mx\/index.php\/wp-json\/wp\/v2\/comments?post=9037"}],"version-history":[{"count":1,"href":"https:\/\/nvnoticias.mx\/index.php\/wp-json\/wp\/v2\/posts\/9037\/revisions"}],"predecessor-version":[{"id":9040,"href":"https:\/\/nvnoticias.mx\/index.php\/wp-json\/wp\/v2\/posts\/9037\/revisions\/9040"}],"wp:featuredmedia":[{"embeddable":true,"href":"https:\/\/nvnoticias.mx\/index.php\/wp-json\/wp\/v2\/media\/9038"}],"wp:attachment":[{"href":"https:\/\/nvnoticias.mx\/index.php\/wp-json\/wp\/v2\/media?parent=9037"}],"wp:term":[{"taxonomy":"category","embeddable":true,"href":"https:\/\/nvnoticias.mx\/index.php\/wp-json\/wp\/v2\/categories?post=9037"},{"taxonomy":"post_tag","embeddable":true,"href":"https:\/\/nvnoticias.mx\/index.php\/wp-json\/wp\/v2\/tags?post=9037"}],"curies":[{"name":"wp","href":"https:\/\/api.w.org\/{rel}","templated":true}]}}