{"id":90272,"date":"2023-01-14T13:42:25","date_gmt":"2023-01-14T19:42:25","guid":{"rendered":"https:\/\/nvnoticias.mx\/?p=90272"},"modified":"2023-01-14T13:42:26","modified_gmt":"2023-01-14T19:42:26","slug":"reportan-baja-venta-de-pollo-pero-el-precio-sigue-estable","status":"publish","type":"post","link":"https:\/\/nvnoticias.mx\/index.php\/2023\/01\/14\/reportan-baja-venta-de-pollo-pero-el-precio-sigue-estable\/","title":{"rendered":"Reportan baja venta de pollo pero el precio sigue estable"},"content":{"rendered":"\n<p><strong>Jes\u00fas Utrilla \/ NV Noticias<\/strong><\/p>\n\n\n\n<p>La venta de pollo disminuy\u00f3 este mes, pero el precio se mantiene y sigue siendo un alimento accesible al bolsillo del consumidor. <\/p>\n\n\n\n<p>En este inicio de a\u00f1o la venta es escasa, dijeron vendedores del mercado Hidalgo del puerto de Veracruz. <\/p>\n\n\n\n<p>El comerciante Armando Rosas, se\u00f1al\u00f3 que las ventas se mantienen bajas debido a la crisis econ\u00f3mica por la que se atraviesa y es que durante diciembre suele efectuarse un gasto m\u00e1s grande que el habitual lo que conlleva a las familias a la famosa \u201ccuesta de enero\u201d.  <\/p>\n\n\n\n<p>Es por ello que el consumo baja y se espera la recuperaci\u00f3n hasta febrero. El vendedor no descart\u00f3 que el producto sufra alg\u00fan \u00a0alza en los siguientes d\u00edas.<\/p>\n\n\n\n<blockquote class=\"wp-block-quote is-layout-flow wp-block-quote-is-layout-flow\"><p>&#8220;<em>Las ventas bajaron much\u00edsimo, seg\u00fan el tama\u00f1o es el precio. Mataba 50 pollos, pero ahorita estoy matando 10 pollos, porque el que compraba 2 pollos ya solo se lleva uno, est\u00e1 muy dif\u00edcil la situaci\u00f3n, pero casi siempre es as\u00ed por la cuesta de enero, esperemos que pasando este mes volvamos a mejorar y que las condiciones se reactiven<\/em>&#8220;.<\/p><\/blockquote>\n\n\n\n<p>Silvia Mora, comerciante, dijo que el pollo tuvo leves variaciones de precio, sin embargo, las amas de casa lo siguen consumiendo porque es un platillo nutritivo, que puede realizarse de diferentes maneras y que al final es m\u00e1s econ\u00f3mico que la carne o que elaborar otros alimentos. <\/p>\n\n\n\n<p>La se\u00f1ora Karla Garc\u00eda se dijo preocupada pues todo est\u00e1 m\u00e1s caro que hace unos meses. <\/p>\n\n\n\n<p>Aunque hay productos que se mantienen coment\u00f3 que ya no sabe como estirar el presupuesto para el sost\u00e9n del hogar y llevar los platillos diariamente a la mesa. <\/p>\n\n\n\n<blockquote class=\"wp-block-quote is-layout-flow wp-block-quote-is-layout-flow\"><p>&#8220;<em>Es una situaci\u00f3n muy cr\u00edtica la que estamos los precios se elevaron definitivamente y pues nosotras como amas de casa tenemos que estirar el dinero, porque aunque subieron los sueldos, todo subi\u00f3 en este inicio de a\u00f1o<\/em>&#8220;.<\/p><\/blockquote>\n","protected":false},"excerpt":{"rendered":"<p>Jes\u00fas Utrilla \/ NV Noticias La venta de pollo disminuy\u00f3 este mes, pero el precio se mantiene y sigue siendo un alimento accesible al bolsillo del consumidor. En este inicio de a\u00f1o la venta es escasa, dijeron vendedores del mercado Hidalgo del puerto de Veracruz. El comerciante Armando Rosas, se\u00f1al\u00f3 que las ventas se mantienen [&hellip;]<\/p>\n","protected":false},"author":8,"featured_media":60389,"comment_status":"open","ping_status":"open","sticky":false,"template":"","format":"standard","meta":{"_monsterinsights_skip_tracking":false,"_monsterinsights_sitenote_active":false,"_monsterinsights_sitenote_note":"","_monsterinsights_sitenote_category":0,"footnotes":""},"categories":[154],"tags":[1690,2730],"class_list":["post-90272","post","type-post","status-publish","format-standard","has-post-thumbnail","hentry","category-veracruz","tag-pollo","tag-venta","wp-image-borders"],"amp_enabled":true,"_links":{"self":[{"href":"https:\/\/nvnoticias.mx\/index.php\/wp-json\/wp\/v2\/posts\/90272","targetHints":{"allow":["GET"]}}],"collection":[{"href":"https:\/\/nvnoticias.mx\/index.php\/wp-json\/wp\/v2\/posts"}],"about":[{"href":"https:\/\/nvnoticias.mx\/index.php\/wp-json\/wp\/v2\/types\/post"}],"author":[{"embeddable":true,"href":"https:\/\/nvnoticias.mx\/index.php\/wp-json\/wp\/v2\/users\/8"}],"replies":[{"embeddable":true,"href":"https:\/\/nvnoticias.mx\/index.php\/wp-json\/wp\/v2\/comments?post=90272"}],"version-history":[{"count":1,"href":"https:\/\/nvnoticias.mx\/index.php\/wp-json\/wp\/v2\/posts\/90272\/revisions"}],"predecessor-version":[{"id":90273,"href":"https:\/\/nvnoticias.mx\/index.php\/wp-json\/wp\/v2\/posts\/90272\/revisions\/90273"}],"wp:featuredmedia":[{"embeddable":true,"href":"https:\/\/nvnoticias.mx\/index.php\/wp-json\/wp\/v2\/media\/60389"}],"wp:attachment":[{"href":"https:\/\/nvnoticias.mx\/index.php\/wp-json\/wp\/v2\/media?parent=90272"}],"wp:term":[{"taxonomy":"category","embeddable":true,"href":"https:\/\/nvnoticias.mx\/index.php\/wp-json\/wp\/v2\/categories?post=90272"},{"taxonomy":"post_tag","embeddable":true,"href":"https:\/\/nvnoticias.mx\/index.php\/wp-json\/wp\/v2\/tags?post=90272"}],"curies":[{"name":"wp","href":"https:\/\/api.w.org\/{rel}","templated":true}]}}