{"id":90261,"date":"2023-01-14T12:50:29","date_gmt":"2023-01-14T18:50:29","guid":{"rendered":"https:\/\/nvnoticias.mx\/?p=90261"},"modified":"2023-01-14T12:50:30","modified_gmt":"2023-01-14T18:50:30","slug":"empresarios-del-sector-turistico-promoveran-la-imagen-de-la-entidad","status":"publish","type":"post","link":"https:\/\/nvnoticias.mx\/index.php\/2023\/01\/14\/empresarios-del-sector-turistico-promoveran-la-imagen-de-la-entidad\/","title":{"rendered":"Empresarios del sector tur\u00edstico promover\u00e1n la imagen de la entidad"},"content":{"rendered":"\n<p><strong>Jes\u00fas Utrilla \/ NV Noticias<\/strong><\/p>\n\n\n\n<p>Empresarios del sector tur\u00edstico de Veracruz visitar\u00e1n este a\u00f1o diversos lugares para promover la imagen de la entidad.<\/p>\n\n\n\n<p>Santiago Caram\u00e9s Chaparro, presidente de la Asociaci\u00f3n de Hoteles y Moteles de Veracruz, se\u00f1al\u00f3 que entre enero y febrero visitar\u00e1n Pachuca, Hidalgo y Puebla.<\/p>\n\n\n\n<p>Posteriormente una caravana tur\u00edstica viajar\u00e1 a Guadalajara, Monterrey, Ciudad de M\u00e9xico y Quer\u00e9taro.<\/p>\n\n\n\n<p>A la gira de trabajo asistir\u00e1n representantes de otros organismos empresariales, as\u00ed como operadores tur\u00edsticos de diferentes municipios de la regi\u00f3n, para dar a conocer los atractivos de cada uno de los municipios.<\/p>\n\n\n\n<blockquote class=\"wp-block-quote is-layout-flow wp-block-quote-is-layout-flow\"><p>\u201c<em>Somos un grupo de prestadores de servicios tur\u00edsticos que venimos trabajando desde hace dos a\u00f1os o tres. Est\u00e1 la Asociaci\u00f3n de Hoteles y Moteles, la Asociaci\u00f3n de Restauranteros de Boca del R\u00edo, operadores tur\u00edsticos, agentes de viajes, agentes de ventas, artesanos, llevamos folclore, gastronom\u00eda, directores de turismo de Alvarado, Veracruz y Boca del R\u00edo<\/em>\u201d.<\/p><\/blockquote>\n\n\n\n<p>Por otro lado admiti\u00f3 que los gastos operativos de los hoteles subieron de precio como: blancos, amenidades, productos de limpieza, papeler\u00eda, entre otros.\u00a0 <\/p>\n\n\n\n<p>Se espera una nueva alza pero para el segundo o tercer mes del a\u00f1o, como parte de los ajustes.<\/p>\n\n\n\n<p>Sin embargo, ser\u00e1 un m\u00ednimo porcentaje para no afectar la llegada de visitantes y hu\u00e9spedes en general a la zona metropolitana.<\/p>\n","protected":false},"excerpt":{"rendered":"<p>Jes\u00fas Utrilla \/ NV Noticias Empresarios del sector tur\u00edstico de Veracruz visitar\u00e1n este a\u00f1o diversos lugares para promover la imagen de la entidad. Santiago Caram\u00e9s Chaparro, presidente de la Asociaci\u00f3n de Hoteles y Moteles de Veracruz, se\u00f1al\u00f3 que entre enero y febrero visitar\u00e1n Pachuca, Hidalgo y Puebla. Posteriormente una caravana tur\u00edstica viajar\u00e1 a Guadalajara, Monterrey, [&hellip;]<\/p>\n","protected":false},"author":8,"featured_media":71662,"comment_status":"open","ping_status":"open","sticky":false,"template":"","format":"standard","meta":{"_monsterinsights_skip_tracking":false,"_monsterinsights_sitenote_active":false,"_monsterinsights_sitenote_note":"","_monsterinsights_sitenote_category":0,"footnotes":""},"categories":[154],"tags":[301,22532,180],"class_list":["post-90261","post","type-post","status-publish","format-standard","has-post-thumbnail","hentry","category-veracruz","tag-empresarios","tag-sector-turistico","tag-veracruz","wp-image-borders"],"amp_enabled":true,"_links":{"self":[{"href":"https:\/\/nvnoticias.mx\/index.php\/wp-json\/wp\/v2\/posts\/90261","targetHints":{"allow":["GET"]}}],"collection":[{"href":"https:\/\/nvnoticias.mx\/index.php\/wp-json\/wp\/v2\/posts"}],"about":[{"href":"https:\/\/nvnoticias.mx\/index.php\/wp-json\/wp\/v2\/types\/post"}],"author":[{"embeddable":true,"href":"https:\/\/nvnoticias.mx\/index.php\/wp-json\/wp\/v2\/users\/8"}],"replies":[{"embeddable":true,"href":"https:\/\/nvnoticias.mx\/index.php\/wp-json\/wp\/v2\/comments?post=90261"}],"version-history":[{"count":1,"href":"https:\/\/nvnoticias.mx\/index.php\/wp-json\/wp\/v2\/posts\/90261\/revisions"}],"predecessor-version":[{"id":90262,"href":"https:\/\/nvnoticias.mx\/index.php\/wp-json\/wp\/v2\/posts\/90261\/revisions\/90262"}],"wp:featuredmedia":[{"embeddable":true,"href":"https:\/\/nvnoticias.mx\/index.php\/wp-json\/wp\/v2\/media\/71662"}],"wp:attachment":[{"href":"https:\/\/nvnoticias.mx\/index.php\/wp-json\/wp\/v2\/media?parent=90261"}],"wp:term":[{"taxonomy":"category","embeddable":true,"href":"https:\/\/nvnoticias.mx\/index.php\/wp-json\/wp\/v2\/categories?post=90261"},{"taxonomy":"post_tag","embeddable":true,"href":"https:\/\/nvnoticias.mx\/index.php\/wp-json\/wp\/v2\/tags?post=90261"}],"curies":[{"name":"wp","href":"https:\/\/api.w.org\/{rel}","templated":true}]}}