{"id":90188,"date":"2023-01-13T18:11:03","date_gmt":"2023-01-14T00:11:03","guid":{"rendered":"https:\/\/nvnoticias.mx\/?p=90188"},"modified":"2023-01-13T22:07:51","modified_gmt":"2023-01-14T04:07:51","slug":"veracruzano-consolida-reforma-del-codigo-penal-federal","status":"publish","type":"post","link":"https:\/\/nvnoticias.mx\/index.php\/2023\/01\/13\/veracruzano-consolida-reforma-del-codigo-penal-federal\/","title":{"rendered":"Veracruzano consolida reforma del C\u00f3digo Penal Federal"},"content":{"rendered":"\n<p>Hace casi 20 a\u00f1os que se public\u00f3 la ley Federal para prevenir la discriminaci\u00f3n en Mexico, desde aquellos a\u00f1os Miguel Salvador Rodr\u00edguez Azueta inicio una gesti\u00f3n para reformar los art\u00edculos 118 fracci\u00f3n III de la Constituci\u00f3n y 148 fracci\u00f3n IV del C\u00f3digo Penal Federal, para que estuvieran con concordancia con la novedosa legislaci\u00f3n.<\/p>\n\n\n\n<p>No fue sino hasta el a\u00f1o 2021 cuando por gestiones de la entonces Diputada Mariana Garc\u00eda Rojas, que se dio entrada a la iniciativa de reforma de la Fracci\u00f3n IV del art\u00edculo 148 del C\u00f3digo Penal Federal, el cual hace referencia a los delitos contra la inmunidad y neutralidad y que sanciona con penas pecuniarias y privativas de libertad a todo aquel que atent\u00e9 contra el pabell\u00f3n o insignia de una \u201cPotencia amiga\u201d.<\/p>\n\n\n\n<p>De acuerdo con Rodr\u00edguez Azueta el concepto \u201cPotencias amiga\u201d es anacr\u00f3nico resabio de la Guerra Fr\u00eda y es una clara discriminaci\u00f3n a los pa\u00edses que no cuentan con recursos para considerarse potencias mundiales, como es el caso de Burundi, o Malawi por ejemplo.<\/p>\n\n\n\n<div class=\"wp-block-image\"><figure class=\"aligncenter size-large is-resized\"><img loading=\"lazy\" decoding=\"async\" src=\"https:\/\/nvnoticias.mx\/wp-content\/uploads\/2023\/01\/IMG-20230113-WA0058.jpg\" alt=\"\" class=\"wp-image-90190\" width=\"663\" height=\"429\" srcset=\"https:\/\/nvnoticias.mx\/wp-content\/uploads\/2023\/01\/IMG-20230113-WA0058.jpg 751w, https:\/\/nvnoticias.mx\/wp-content\/uploads\/2023\/01\/IMG-20230113-WA0058-300x194.jpg 300w\" sizes=\"auto, (max-width: 663px) 100vw, 663px\" \/><\/figure><\/div>\n\n\n\n<p>Rodr\u00edguez Azueta explica que con la iniciativa destrabada gracias a las gestiones del Diputado Sergio Guti\u00e9rrez Luna; pas\u00f3 al Senado, donde fue gracias al apoyo de la Senadora Mayuli Mart\u00ednez Sim\u00f3n y su equipo de asesores, as\u00ed como de la Senadora Olga S\u00e1nchez Cordero, que fue aprobada, siendo enviada al Ejecutivo para su publicaci\u00f3n, lo que ocurri\u00f3 el d\u00eda 06 de enero del presente a\u00f1o en el Diario Oficial de la Federaci\u00f3n.<\/p>\n\n\n\n<p>El escritor y abogado veracruzano comenta que este proyecto realizado forma parte de su tema de tesis doctoral y cuyos resultados le animan a continuar con la propuesta de reforma al art\u00edculo 118 fracci\u00f3n III de la Constituci\u00f3n, que en t\u00e9rminos generales se\u00f1ala las facultades y restricciones de los Estados, siendo el caso la de no hacer a guerra a una \u201cPotencia Extranjera\u201d y por lo tanto nos encontramos con el mismo concepto discriminatorio.<\/p>\n\n\n\n<p>De igual forma, Rodr\u00edguez Azueta comenta que cont\u00f3 con el respaldo del Colegio de Abogados de Veracruz y de su presidente Rosario Gayot y que lo motivo el ejemplo de abogados veracruzanos de renombre que han destacado a nivel nacional e internacional como Guillermo Ortiz Mayagoitia y Jorge Reyes Peralta.<\/p>\n\n\n\n<p>Miguel Salvador Rodr\u00edguez Azueta, naci\u00f3 en la ciudad y puerto de Veracruz en 1971, es licenciado en Derecho por la UNAM y curs\u00f3 el Doctorado en Leyes en la Universidad Crist\u00f3bal Col\u00f3n.<\/p>\n","protected":false},"excerpt":{"rendered":"<p>Hace casi 20 a\u00f1os que se public\u00f3 la ley Federal para prevenir la discriminaci\u00f3n en Mexico, desde aquellos a\u00f1os Miguel Salvador Rodr\u00edguez Azueta inicio una gesti\u00f3n para reformar los art\u00edculos 118 fracci\u00f3n III de la Constituci\u00f3n y 148 fracci\u00f3n IV del C\u00f3digo Penal Federal, para que estuvieran con concordancia con la novedosa legislaci\u00f3n. No fue [&hellip;]<\/p>\n","protected":false},"author":7,"featured_media":90189,"comment_status":"open","ping_status":"open","sticky":false,"template":"","format":"standard","meta":{"_monsterinsights_skip_tracking":false,"_monsterinsights_sitenote_active":false,"_monsterinsights_sitenote_note":"","_monsterinsights_sitenote_category":0,"footnotes":""},"categories":[154],"tags":[22525,333,1942],"class_list":["post-90188","post","type-post","status-publish","format-standard","has-post-thumbnail","hentry","category-veracruz","tag-codigo-penal-federal","tag-miguel-salvador-rodriguez-azueta","tag-reforma","wp-image-borders"],"amp_enabled":true,"_links":{"self":[{"href":"https:\/\/nvnoticias.mx\/index.php\/wp-json\/wp\/v2\/posts\/90188","targetHints":{"allow":["GET"]}}],"collection":[{"href":"https:\/\/nvnoticias.mx\/index.php\/wp-json\/wp\/v2\/posts"}],"about":[{"href":"https:\/\/nvnoticias.mx\/index.php\/wp-json\/wp\/v2\/types\/post"}],"author":[{"embeddable":true,"href":"https:\/\/nvnoticias.mx\/index.php\/wp-json\/wp\/v2\/users\/7"}],"replies":[{"embeddable":true,"href":"https:\/\/nvnoticias.mx\/index.php\/wp-json\/wp\/v2\/comments?post=90188"}],"version-history":[{"count":1,"href":"https:\/\/nvnoticias.mx\/index.php\/wp-json\/wp\/v2\/posts\/90188\/revisions"}],"predecessor-version":[{"id":90191,"href":"https:\/\/nvnoticias.mx\/index.php\/wp-json\/wp\/v2\/posts\/90188\/revisions\/90191"}],"wp:featuredmedia":[{"embeddable":true,"href":"https:\/\/nvnoticias.mx\/index.php\/wp-json\/wp\/v2\/media\/90189"}],"wp:attachment":[{"href":"https:\/\/nvnoticias.mx\/index.php\/wp-json\/wp\/v2\/media?parent=90188"}],"wp:term":[{"taxonomy":"category","embeddable":true,"href":"https:\/\/nvnoticias.mx\/index.php\/wp-json\/wp\/v2\/categories?post=90188"},{"taxonomy":"post_tag","embeddable":true,"href":"https:\/\/nvnoticias.mx\/index.php\/wp-json\/wp\/v2\/tags?post=90188"}],"curies":[{"name":"wp","href":"https:\/\/api.w.org\/{rel}","templated":true}]}}