{"id":90183,"date":"2023-01-13T16:31:35","date_gmt":"2023-01-13T22:31:35","guid":{"rendered":"https:\/\/nvnoticias.mx\/?p=90183"},"modified":"2023-01-13T22:08:23","modified_gmt":"2023-01-14T04:08:23","slug":"sectores-terminaran-de-recuperarse-de-las-repercusiones-negativas-en-materia-economica","status":"publish","type":"post","link":"https:\/\/nvnoticias.mx\/index.php\/2023\/01\/13\/sectores-terminaran-de-recuperarse-de-las-repercusiones-negativas-en-materia-economica\/","title":{"rendered":"Sectores terminar\u00e1n de recuperarse de las repercusiones negativas en materia econ\u00f3mica"},"content":{"rendered":"\n<p><br><strong>Jes\u00fas Utrilla | NV Noticias<\/strong><\/p>\n\n\n\n<p>M\u00e9xico no se acaba de recuperar de las repercusiones de la pandemia, la guerra Rusia &#8211; Ucrania y otros factores internacionales, sin embargo, la expectativa es positiva para 2023, aunque la inflaci\u00f3n se mantendr\u00e1.<\/p>\n\n\n\n<p>Jos\u00e9 Andr\u00e9s Mart\u00ednez Lastra, integrante de la Confederaci\u00f3n Patronal de la Rep\u00fablica Mexicana (Coparmex) en Veracruz, dijo que el a\u00f1o debe verse con buenos ojos y confiar en que 2023 ser\u00e1 mejor que 2021 y 2022. <\/p>\n\n\n\n<p>Adem\u00e1s seguramente varios sectores terminar\u00e1n de recuperarse de las repercusiones negativas en materia econ\u00f3mica de los a\u00f1os anteriores e incluso crecer\u00e1n.<\/p>\n\n\n\n<blockquote class=\"wp-block-quote is-layout-flow wp-block-quote-is-layout-flow\"><p>&nbsp;\u201cTodav\u00eda no nos hemos acabado de levantar del problema econ\u00f3mico que nos dej\u00f3 la pandemia, la crisis en Ucrania, pero tenemos que ver siempre hacia adelante. La vista puesta al horizonte y con buenas esperanzas y expectativas. La econom\u00eda poco a poco se est\u00e1 reactivando y para todos los sectores tendr\u00e1 que llegar un punto de recuperaci\u00f3n y crecimiento\u201d.<\/p><\/blockquote>\n\n\n\n<p>Sin embargo, admiti\u00f3 que la inflaci\u00f3n no se ha contenido y es probable que en el primer bimestre haya alzas considerables. <\/p>\n\n\n\n<p>Por ello llam\u00f3 a estar preparados, no gastar de m\u00e1s y hacer frente a la cuesta de enero. <\/p>\n\n\n\n<p>Tambi\u00e9n a que los gobiernos ejerzan presupuestos e implementen programas que contengan la situaci\u00f3n.<\/p>\n\n\n\n<blockquote class=\"wp-block-quote is-layout-flow wp-block-quote-is-layout-flow\"><p>\u201cEsperamos que la inflaci\u00f3n siga subiendo. Los \u00edndices inflacionarios siguen hacia arriba y los veracruzanos siguen perdiendo poder adquisitivo. No es un tema solo del pa\u00eds sino globalmente y la inflaci\u00f3n seguir\u00e1 as\u00ed por lo que hay que estar preparados y tomar precauciones\u201d.<\/p><\/blockquote>\n\n\n\n<p>Mart\u00ednez Lastra dijo que el sector empresarial se encuentra comprometido para ayudar a mover la econom\u00eda y generar fuentes de empleo para que el pa\u00eds siga recuper\u00e1ndose de las repercusiones econ\u00f3micas que gener\u00f3 la pandemia del Covid para los diferentes sectores.<\/p>\n","protected":false},"excerpt":{"rendered":"<p>Jes\u00fas Utrilla | NV Noticias M\u00e9xico no se acaba de recuperar de las repercusiones de la pandemia, la guerra Rusia &#8211; Ucrania y otros factores internacionales, sin embargo, la expectativa es positiva para 2023, aunque la inflaci\u00f3n se mantendr\u00e1. Jos\u00e9 Andr\u00e9s Mart\u00ednez Lastra, integrante de la Confederaci\u00f3n Patronal de la Rep\u00fablica Mexicana (Coparmex) en Veracruz, [&hellip;]<\/p>\n","protected":false},"author":7,"featured_media":57289,"comment_status":"open","ping_status":"open","sticky":false,"template":"","format":"standard","meta":{"_monsterinsights_skip_tracking":false,"_monsterinsights_sitenote_active":false,"_monsterinsights_sitenote_note":"","_monsterinsights_sitenote_category":0,"footnotes":""},"categories":[154],"tags":[384,21833,3042],"class_list":["post-90183","post","type-post","status-publish","format-standard","has-post-thumbnail","hentry","category-veracruz","tag-economia","tag-materia-economica","tag-sectores","wp-image-borders"],"amp_enabled":true,"_links":{"self":[{"href":"https:\/\/nvnoticias.mx\/index.php\/wp-json\/wp\/v2\/posts\/90183","targetHints":{"allow":["GET"]}}],"collection":[{"href":"https:\/\/nvnoticias.mx\/index.php\/wp-json\/wp\/v2\/posts"}],"about":[{"href":"https:\/\/nvnoticias.mx\/index.php\/wp-json\/wp\/v2\/types\/post"}],"author":[{"embeddable":true,"href":"https:\/\/nvnoticias.mx\/index.php\/wp-json\/wp\/v2\/users\/7"}],"replies":[{"embeddable":true,"href":"https:\/\/nvnoticias.mx\/index.php\/wp-json\/wp\/v2\/comments?post=90183"}],"version-history":[{"count":2,"href":"https:\/\/nvnoticias.mx\/index.php\/wp-json\/wp\/v2\/posts\/90183\/revisions"}],"predecessor-version":[{"id":90193,"href":"https:\/\/nvnoticias.mx\/index.php\/wp-json\/wp\/v2\/posts\/90183\/revisions\/90193"}],"wp:featuredmedia":[{"embeddable":true,"href":"https:\/\/nvnoticias.mx\/index.php\/wp-json\/wp\/v2\/media\/57289"}],"wp:attachment":[{"href":"https:\/\/nvnoticias.mx\/index.php\/wp-json\/wp\/v2\/media?parent=90183"}],"wp:term":[{"taxonomy":"category","embeddable":true,"href":"https:\/\/nvnoticias.mx\/index.php\/wp-json\/wp\/v2\/categories?post=90183"},{"taxonomy":"post_tag","embeddable":true,"href":"https:\/\/nvnoticias.mx\/index.php\/wp-json\/wp\/v2\/tags?post=90183"}],"curies":[{"name":"wp","href":"https:\/\/api.w.org\/{rel}","templated":true}]}}