{"id":90173,"date":"2023-01-13T15:03:59","date_gmt":"2023-01-13T21:03:59","guid":{"rendered":"https:\/\/nvnoticias.mx\/?p=90173"},"modified":"2023-01-13T15:04:00","modified_gmt":"2023-01-13T21:04:00","slug":"mejorar-economia-y-seguridad-de-mexicanos-objetivos-de-servicio-exterior-en-2023-ebrard","status":"publish","type":"post","link":"https:\/\/nvnoticias.mx\/index.php\/2023\/01\/13\/mejorar-economia-y-seguridad-de-mexicanos-objetivos-de-servicio-exterior-en-2023-ebrard\/","title":{"rendered":"Mejorar econom\u00eda y seguridad de mexicanos, objetivos de servicio exterior en 2023: Ebrard"},"content":{"rendered":"\n<p>El secretario de Relaciones Exteriores, Marcelo Ebrard, se\u00f1al\u00f3 que las principales tareas para 2023 ser\u00e1n preservar la seguridad de los mexicanos en el exterior, impulsar la econom\u00eda de la regi\u00f3n de Norteam\u00e9rica, reducir el tr\u00e1fico de armas provenientes de Estados Unidos y realizar una lucha cultural en contra el racismo y la desigualdad de g\u00e9nero.<\/p>\n\n\n\n<p>Durante su participaci\u00f3n en la 34 Reuni\u00f3n de Embajadores y C\u00f3nsules 2023, el canciller se\u00f1al\u00f3 el presidente Andr\u00e9s Manuel L\u00f3pez Obrador pidi\u00f3 que los representantes de M\u00e9xico en Estados Unidos y Canad\u00e1 trabajen lo m\u00e1s pronto posible en crear redes de comercio que beneficien a la regi\u00f3n.<\/p>\n\n\n\n<blockquote class=\"wp-block-quote is-layout-flow wp-block-quote-is-layout-flow\"><p>\u201cAyer nos lo se\u00f1al\u00f3, de acelerar la integraci\u00f3n econ\u00f3mica y el dinamismo de la econom\u00eda de la regi\u00f3n de Norteam\u00e9rica. Ayer nos dec\u00eda que apenas hace unos a\u00f1os no exist\u00eda la idea de Norteam\u00e9rica, hab\u00eda que discutir la idea, y mucho menos que hubiese un plan com\u00fan en donde estamos ahora con una visi\u00f3n com\u00fan\u201d, se\u00f1al\u00f3 el funcionario.<\/p><\/blockquote>\n\n\n\n<p><br>En el caso de la protecci\u00f3n de los mexicanos en el exterior, Ebrard Casaub\u00f3n explic\u00f3 que esta medida aplica para todas las embajadas y consulados, y no solo a los pa\u00edses donde hay mayor cantidad de paisanos como Estados Unidos y Canad\u00e1.<\/p>\n\n\n\n<p>\u201cEn el caso de la protecci\u00f3n de los mexicanos y la protecci\u00f3n de los intereses de M\u00e9xico involucra a todo el mundo, a todos los pa\u00edses. Se nos ha pedido que defendamos en todos los \u00e1mbitos multilaterales las grandes banderas de M\u00e9xico, por ejemplo: la movilidad laboral\u201d, expres\u00f3 el canciller.<\/p>\n\n\n\n<p><br>Adem\u00e1s, el titular de Relaciones Exteriores se\u00f1al\u00f3 que el presidente Andr\u00e9s Manuel L\u00f3pez Obrador ha pedido ejecutar una lucha cultural en contra de las desigualdades sociales en el exterior, como el racismo y la falta de oportunidades para las mujeres mexicanas.<\/p>\n\n\n\n<blockquote class=\"wp-block-quote is-layout-flow wp-block-quote-is-layout-flow\"><p>\u201cNos ha pedido y queremos una lucha cultural, hay un sistema de pensamiento que se interpone a nuestros valores y los pone en riesgo (\u2026) como acabo de explicar eso respecto a un extremista, supremacista que pens\u00f3 que como nosotros somos un riesgo para su civilizaci\u00f3n, entr\u00f3 a un Walmart para asesinar personas. Hay que acabar con eso.<\/p><\/blockquote>\n\n\n\n<blockquote class=\"wp-block-quote is-layout-flow wp-block-quote-is-layout-flow\"><p><br>\u201cEsa forma de pensar va de la mano con el machismo, porque la igualdad de g\u00e9nero es una excepci\u00f3n en el mundo, si ustedes ven el globo, los pa\u00edses o sociedades que tienen igualdad de g\u00e9nero son las menos y aunque ustedes no lo crean, el debate en el G20 antes de la guerra entre Ucrania y Rusia era excluir cualquier referencia de g\u00e9nero en las declaraciones del G20, en pleno siglo 21\u201d, se\u00f1al\u00f3 el canciller.<br><\/p><\/blockquote>\n\n\n\n<p>Fuente: <a href=\"https:\/\/www.milenio.com\/politica\/marcelo-ebrard-descata-objetivos-servicio-exterior-mexicano\" data-type=\"URL\" data-id=\"https:\/\/www.milenio.com\/politica\/marcelo-ebrard-descata-objetivos-servicio-exterior-mexicano\">Milenio<\/a><\/p>\n","protected":false},"excerpt":{"rendered":"<p>El secretario de Relaciones Exteriores, Marcelo Ebrard, se\u00f1al\u00f3 que las principales tareas para 2023 ser\u00e1n preservar la seguridad de los mexicanos en el exterior, impulsar la econom\u00eda de la regi\u00f3n de Norteam\u00e9rica, reducir el tr\u00e1fico de armas provenientes de Estados Unidos y realizar una lucha cultural en contra el racismo y la desigualdad de g\u00e9nero. [&hellip;]<\/p>\n","protected":false},"author":35,"featured_media":86520,"comment_status":"open","ping_status":"open","sticky":false,"template":"","format":"standard","meta":{"_monsterinsights_skip_tracking":false,"_monsterinsights_sitenote_active":false,"_monsterinsights_sitenote_note":"","_monsterinsights_sitenote_category":0,"footnotes":""},"categories":[158],"tags":[384,391,11713,257,9206,805,22520],"class_list":["post-90173","post","type-post","status-publish","format-standard","has-post-thumbnail","hentry","category-politica","tag-economia","tag-marcelo-ebrard","tag-mejorar","tag-mexicanos","tag-objetivos","tag-seguridad","tag-servicio-exterior","wp-image-borders"],"amp_enabled":true,"_links":{"self":[{"href":"https:\/\/nvnoticias.mx\/index.php\/wp-json\/wp\/v2\/posts\/90173","targetHints":{"allow":["GET"]}}],"collection":[{"href":"https:\/\/nvnoticias.mx\/index.php\/wp-json\/wp\/v2\/posts"}],"about":[{"href":"https:\/\/nvnoticias.mx\/index.php\/wp-json\/wp\/v2\/types\/post"}],"author":[{"embeddable":true,"href":"https:\/\/nvnoticias.mx\/index.php\/wp-json\/wp\/v2\/users\/35"}],"replies":[{"embeddable":true,"href":"https:\/\/nvnoticias.mx\/index.php\/wp-json\/wp\/v2\/comments?post=90173"}],"version-history":[{"count":1,"href":"https:\/\/nvnoticias.mx\/index.php\/wp-json\/wp\/v2\/posts\/90173\/revisions"}],"predecessor-version":[{"id":90174,"href":"https:\/\/nvnoticias.mx\/index.php\/wp-json\/wp\/v2\/posts\/90173\/revisions\/90174"}],"wp:featuredmedia":[{"embeddable":true,"href":"https:\/\/nvnoticias.mx\/index.php\/wp-json\/wp\/v2\/media\/86520"}],"wp:attachment":[{"href":"https:\/\/nvnoticias.mx\/index.php\/wp-json\/wp\/v2\/media?parent=90173"}],"wp:term":[{"taxonomy":"category","embeddable":true,"href":"https:\/\/nvnoticias.mx\/index.php\/wp-json\/wp\/v2\/categories?post=90173"},{"taxonomy":"post_tag","embeddable":true,"href":"https:\/\/nvnoticias.mx\/index.php\/wp-json\/wp\/v2\/tags?post=90173"}],"curies":[{"name":"wp","href":"https:\/\/api.w.org\/{rel}","templated":true}]}}