{"id":90124,"date":"2023-01-13T12:31:37","date_gmt":"2023-01-13T18:31:37","guid":{"rendered":"https:\/\/nvnoticias.mx\/?p=90124"},"modified":"2023-01-13T12:54:49","modified_gmt":"2023-01-13T18:54:49","slug":"no-se-permitira-mas-cableado-aereo-multaran-a-empresas","status":"publish","type":"post","link":"https:\/\/nvnoticias.mx\/index.php\/2023\/01\/13\/no-se-permitira-mas-cableado-aereo-multaran-a-empresas\/","title":{"rendered":"No se permitir\u00e1 m\u00e1s cableado a\u00e9reo; multar\u00e1n a empresas"},"content":{"rendered":"\n<p><strong>Jes\u00fas Utrilla \/ NV Noticias<\/strong><\/p>\n\n\n\n<p>Por los accidentes e inconvenientes que constantemente causan, el Ayuntamiento de Veracruz, multar\u00e1 a las empresas \u201ccableras\u201d, pues adem\u00e1s se niegan a tender los cables de manera subterr\u00e1nea.<\/p>\n\n\n\n<p>La alcaldesa Patricia Lobeira Rodr\u00edguez, admiti\u00f3 que en calles con pavimento nuevo s\u00ed se puso cableado subterr\u00e1neo, como en Alacio P\u00e9rez y 20 de noviembre, pero en V\u00edctimas del 5 y 6 julio se negaron.<\/p>\n\n\n\n<blockquote class=\"wp-block-quote is-layout-flow wp-block-quote-is-layout-flow\"><p>\u201c<em>Ya los hemos multado pero como no hay mucha regulaci\u00f3n federal sobre el tema ellos dicen que no van a cumplir, pero s\u00ed hay forma de establecer algunas multas, lo cual ya hemos hecho a compa\u00f1\u00edas como Totalplay y Megacable<\/em>\u201d.<\/p><\/blockquote>\n\n\n\n<p>Por otro lado inform\u00f3 que en la ma\u00f1ana de este viernes se cayeron cuatro luminarias en la ciudad de Veracruz, un \u00e1rbol y se descompusieron tres sem\u00e1foros, debido al viento del norte, producto del frente fr\u00edo n\u00famero 23.&nbsp;<\/p>\n\n\n\n<blockquote class=\"wp-block-quote is-layout-flow wp-block-quote-is-layout-flow\"><p>\u201c<em>Empieza a decrecer la fuerza del viento, sin embargo, todav\u00eda pueden surgir reportes y vamos a estar pendientes en el ayuntamiento. Todo se est\u00e1 tratando de resolver lo m\u00e1s pronto posible. Han sido reportes menores, la verdad es que no tuvimos ninguna persona lesionada<\/em>\u201d.<\/p><\/blockquote>\n\n\n\n<p>Acompa\u00f1ada por el p\u00e1rroco de la Catedral de Veracruz \u201cNuestra Se\u00f1ora de la Asunci\u00f3n\u201d, Aurelio Mujica Lim\u00f3n, realiz\u00f3 la representaci\u00f3n del programa de las Fiestas Patronales de San Sebasti\u00e1n, santo patrono de la ciudad de Veracruz, que se llevar\u00e1n a cabo del 18 al 21 de enero.<\/p>\n\n\n\n<p>Inform\u00f3 que las distintas actividades que se realizar\u00e1n forman parte de la campa\u00f1a promocional \u201cVolverte a Ver\u201d, con la que se reafirma a Veracruz como un destino \u00fanico, en el que podr\u00e1n encontrar una variedad de actividades culturales y gastron\u00f3micas para disfrutar de nuestro puerto.<\/p>\n","protected":false},"excerpt":{"rendered":"<p>Jes\u00fas Utrilla \/ NV Noticias Por los accidentes e inconvenientes que constantemente causan, el Ayuntamiento de Veracruz, multar\u00e1 a las empresas \u201ccableras\u201d, pues adem\u00e1s se niegan a tender los cables de manera subterr\u00e1nea. La alcaldesa Patricia Lobeira Rodr\u00edguez, admiti\u00f3 que en calles con pavimento nuevo s\u00ed se puso cableado subterr\u00e1neo, como en Alacio P\u00e9rez y [&hellip;]<\/p>\n","protected":false},"author":8,"featured_media":90125,"comment_status":"open","ping_status":"open","sticky":false,"template":"","format":"standard","meta":{"_monsterinsights_skip_tracking":false,"_monsterinsights_sitenote_active":false,"_monsterinsights_sitenote_note":"","_monsterinsights_sitenote_category":0,"footnotes":""},"categories":[154],"tags":[22514,496],"class_list":["post-90124","post","type-post","status-publish","format-standard","has-post-thumbnail","hentry","category-veracruz","tag-cableado","tag-empresas","wp-image-borders"],"amp_enabled":true,"_links":{"self":[{"href":"https:\/\/nvnoticias.mx\/index.php\/wp-json\/wp\/v2\/posts\/90124","targetHints":{"allow":["GET"]}}],"collection":[{"href":"https:\/\/nvnoticias.mx\/index.php\/wp-json\/wp\/v2\/posts"}],"about":[{"href":"https:\/\/nvnoticias.mx\/index.php\/wp-json\/wp\/v2\/types\/post"}],"author":[{"embeddable":true,"href":"https:\/\/nvnoticias.mx\/index.php\/wp-json\/wp\/v2\/users\/8"}],"replies":[{"embeddable":true,"href":"https:\/\/nvnoticias.mx\/index.php\/wp-json\/wp\/v2\/comments?post=90124"}],"version-history":[{"count":2,"href":"https:\/\/nvnoticias.mx\/index.php\/wp-json\/wp\/v2\/posts\/90124\/revisions"}],"predecessor-version":[{"id":90134,"href":"https:\/\/nvnoticias.mx\/index.php\/wp-json\/wp\/v2\/posts\/90124\/revisions\/90134"}],"wp:featuredmedia":[{"embeddable":true,"href":"https:\/\/nvnoticias.mx\/index.php\/wp-json\/wp\/v2\/media\/90125"}],"wp:attachment":[{"href":"https:\/\/nvnoticias.mx\/index.php\/wp-json\/wp\/v2\/media?parent=90124"}],"wp:term":[{"taxonomy":"category","embeddable":true,"href":"https:\/\/nvnoticias.mx\/index.php\/wp-json\/wp\/v2\/categories?post=90124"},{"taxonomy":"post_tag","embeddable":true,"href":"https:\/\/nvnoticias.mx\/index.php\/wp-json\/wp\/v2\/tags?post=90124"}],"curies":[{"name":"wp","href":"https:\/\/api.w.org\/{rel}","templated":true}]}}