{"id":90085,"date":"2023-01-13T10:53:09","date_gmt":"2023-01-13T16:53:09","guid":{"rendered":"https:\/\/nvnoticias.mx\/?p=90085"},"modified":"2023-01-13T10:53:10","modified_gmt":"2023-01-13T16:53:10","slug":"alerta-gris-por-frente-frio-23-en-veracruz","status":"publish","type":"post","link":"https:\/\/nvnoticias.mx\/index.php\/2023\/01\/13\/alerta-gris-por-frente-frio-23-en-veracruz\/","title":{"rendered":"Alerta Gris por Frente fr\u00edo 23 en Veracruz"},"content":{"rendered":"\n<p>La Secretar\u00eda de Protecci\u00f3n Civil emiti\u00f3 la ma\u00f1ana de este viernes 13 de enero\u00a0Alerta Gris a la poblaci\u00f3n para tomar precauci\u00f3n ante el pron\u00f3stico de Frente fr\u00edo, Lluvia y Norte con rachas m\u00e1ximas de 80 a 100 km\/h.<\/p>\n\n\n\n<p>El frente fr\u00edo 23 se mueve hacia el sureste esper\u00e1ndose que este d\u00eda cruce la pen\u00ednsula de Yucat\u00e1n y se interne en el noroeste del Caribe, manteniendo el desarrollo de nublados y el potencial de lluvias (y tormentas) a su paso.<\/p>\n\n\n\n<p>Detr\u00e1s de este, su masa fr\u00eda, ocasiona evento de\u00a0Norte intenso con rachas m\u00e1ximas en la costa central de Veracruz (donde se han superado los 95 km\/h), oleaje elevado y descenso de temperatura.<\/p>\n\n\n\n<p>Hoy se prev\u00e9n lluvias de 5 a 20 mm en promedio con m\u00e1ximos de 50 a 70 mm, estas \u00faltimas especialmente en la zona sur.<\/p>\n\n\n\n<p>Durante\u00a0este mismo viernes continuar\u00e1 el viento del Norte con rachas m\u00e1ximas de 80 a 100 km\/h en la costa central,\u00a0menores en las costas norte y sur, regiones de llanura, y de 55 a 75 km\/h en la parte alta entre Xalapa-Naolinco-Misantla y valle de Perote, decreciendo gradualmente por la tarde y noche, generando oleaje de 2.0 a 4.0 metros cercano al litoral, y notable descenso de temperatura, con tendencia a aumentar lentamente el domingo 15 y principalmente el lunes 16. Heladas fuertes se esperan durante el fin de semana en regiones monta\u00f1osas.<\/p>\n\n\n\n<p>Al momento\u00a0contin\u00faa la alerta gris, se recomienda estar atento a las actualizaciones del pron\u00f3stico del tiempo.<\/p>\n","protected":false},"excerpt":{"rendered":"<p>La Secretar\u00eda de Protecci\u00f3n Civil emiti\u00f3 la ma\u00f1ana de este viernes 13 de enero\u00a0Alerta Gris a la poblaci\u00f3n para tomar precauci\u00f3n ante el pron\u00f3stico de Frente fr\u00edo, Lluvia y Norte con rachas m\u00e1ximas de 80 a 100 km\/h. El frente fr\u00edo 23 se mueve hacia el sureste esper\u00e1ndose que este d\u00eda cruce la pen\u00ednsula de [&hellip;]<\/p>\n","protected":false},"author":8,"featured_media":40368,"comment_status":"open","ping_status":"open","sticky":false,"template":"","format":"standard","meta":{"_monsterinsights_skip_tracking":false,"_monsterinsights_sitenote_active":false,"_monsterinsights_sitenote_note":"","_monsterinsights_sitenote_category":0,"footnotes":""},"categories":[154],"tags":[22464,162,180],"class_list":["post-90085","post","type-post","status-publish","format-standard","has-post-thumbnail","hentry","category-veracruz","tag-frente-frio-23","tag-portada","tag-veracruz","wp-image-borders"],"amp_enabled":true,"_links":{"self":[{"href":"https:\/\/nvnoticias.mx\/index.php\/wp-json\/wp\/v2\/posts\/90085","targetHints":{"allow":["GET"]}}],"collection":[{"href":"https:\/\/nvnoticias.mx\/index.php\/wp-json\/wp\/v2\/posts"}],"about":[{"href":"https:\/\/nvnoticias.mx\/index.php\/wp-json\/wp\/v2\/types\/post"}],"author":[{"embeddable":true,"href":"https:\/\/nvnoticias.mx\/index.php\/wp-json\/wp\/v2\/users\/8"}],"replies":[{"embeddable":true,"href":"https:\/\/nvnoticias.mx\/index.php\/wp-json\/wp\/v2\/comments?post=90085"}],"version-history":[{"count":1,"href":"https:\/\/nvnoticias.mx\/index.php\/wp-json\/wp\/v2\/posts\/90085\/revisions"}],"predecessor-version":[{"id":90091,"href":"https:\/\/nvnoticias.mx\/index.php\/wp-json\/wp\/v2\/posts\/90085\/revisions\/90091"}],"wp:featuredmedia":[{"embeddable":true,"href":"https:\/\/nvnoticias.mx\/index.php\/wp-json\/wp\/v2\/media\/40368"}],"wp:attachment":[{"href":"https:\/\/nvnoticias.mx\/index.php\/wp-json\/wp\/v2\/media?parent=90085"}],"wp:term":[{"taxonomy":"category","embeddable":true,"href":"https:\/\/nvnoticias.mx\/index.php\/wp-json\/wp\/v2\/categories?post=90085"},{"taxonomy":"post_tag","embeddable":true,"href":"https:\/\/nvnoticias.mx\/index.php\/wp-json\/wp\/v2\/tags?post=90085"}],"curies":[{"name":"wp","href":"https:\/\/api.w.org\/{rel}","templated":true}]}}