{"id":89996,"date":"2023-01-12T17:10:49","date_gmt":"2023-01-12T23:10:49","guid":{"rendered":"https:\/\/nvnoticias.mx\/?p=89996"},"modified":"2023-01-12T17:10:49","modified_gmt":"2023-01-12T23:10:49","slug":"critican-a-cazarin-por-abandonar-a-sheinbaum-y-apoyar-a-adan-augusto","status":"publish","type":"post","link":"https:\/\/nvnoticias.mx\/index.php\/2023\/01\/12\/critican-a-cazarin-por-abandonar-a-sheinbaum-y-apoyar-a-adan-augusto\/","title":{"rendered":"Critican a Cazar\u00edn por abandonar a Sheinbaum y apoyar a Ad\u00e1n Augusto"},"content":{"rendered":"\n<p><strong>Jes\u00fas Utrilla \/ NV Noticias<\/strong><\/p>\n\n\n\n<p>Lo que parec\u00eda ser\u00eda un evento institucional encabezado por el Secretario de Gobernaci\u00f3n del Gobierno de M\u00e9xico, Ad\u00e1n Augusto L\u00f3pez, en tierras jarochas, se convirti\u00f3 en un refugio de rebeldes indefinidos impulsados por Juan Javier G\u00f3mez Cazar\u00edn, el l\u00edder de la Jucopo en el Congreso Local y quien tan solo hace unas semanas atr\u00e1s se dec\u00eda \u201cClaudialover\u201d y se auto proclamaba \u201cOperador estelar\u201d de la Jefa de Gobierno en Veracruz.\u00a0<\/p>\n\n\n\n<p>Influenciados por el mal momento que padece la Jefa capitalina por los accidentes del sistema colectivo Metro, este grupo de indefinidos va desde diputados locales y federales (incluido Sergio Guti\u00e9rrez, el archi enemigo n\u00famero uno del Cuitlahuismo) hasta senadores y funcionarios estatales. <\/p>\n\n\n\n<p>Toda la bufalada siguiendo el desatino del l\u00edder de la Jucopo, Juan Javier G\u00f3mez Cazar\u00edn, quien para eso de las indefiniciones y deslealtades, sali\u00f3 m\u00e1s gallo que el propio a Ricardo Monreal. <\/p>\n\n\n\n<p>Ahora habr\u00eda que esperar a ver la reacci\u00f3n de la propia jefa de gobierno de la ciudad de M\u00e9xico e incluso la reacci\u00f3n del presidente de la Rep\u00fablica ante este evento que env\u00eda una clara se\u00f1al de indefinici\u00f3n impulsado por el propio G\u00f3mez Cazar\u00edn a quien no parece incomodar aquel dicho popular de que \u201cel que a dos amos sirve, con uno queda mal\u201d.<\/p>\n","protected":false},"excerpt":{"rendered":"<p>Jes\u00fas Utrilla \/ NV Noticias Lo que parec\u00eda ser\u00eda un evento institucional encabezado por el Secretario de Gobernaci\u00f3n del Gobierno de M\u00e9xico, Ad\u00e1n Augusto L\u00f3pez, en tierras jarochas, se convirti\u00f3 en un refugio de rebeldes indefinidos impulsados por Juan Javier G\u00f3mez Cazar\u00edn, el l\u00edder de la Jucopo en el Congreso Local y quien tan solo [&hellip;]<\/p>\n","protected":false},"author":8,"featured_media":89997,"comment_status":"open","ping_status":"open","sticky":false,"template":"","format":"standard","meta":{"_monsterinsights_skip_tracking":false,"_monsterinsights_sitenote_active":false,"_monsterinsights_sitenote_note":"","_monsterinsights_sitenote_category":0,"footnotes":""},"categories":[154],"tags":[16465,2074,9319],"class_list":["post-89996","post","type-post","status-publish","format-standard","has-post-thumbnail","hentry","category-veracruz","tag-adan-augusto-lopez","tag-juan-javier-gomez-cazarin","tag-sheinbaum","wp-image-borders"],"amp_enabled":true,"_links":{"self":[{"href":"https:\/\/nvnoticias.mx\/index.php\/wp-json\/wp\/v2\/posts\/89996","targetHints":{"allow":["GET"]}}],"collection":[{"href":"https:\/\/nvnoticias.mx\/index.php\/wp-json\/wp\/v2\/posts"}],"about":[{"href":"https:\/\/nvnoticias.mx\/index.php\/wp-json\/wp\/v2\/types\/post"}],"author":[{"embeddable":true,"href":"https:\/\/nvnoticias.mx\/index.php\/wp-json\/wp\/v2\/users\/8"}],"replies":[{"embeddable":true,"href":"https:\/\/nvnoticias.mx\/index.php\/wp-json\/wp\/v2\/comments?post=89996"}],"version-history":[{"count":1,"href":"https:\/\/nvnoticias.mx\/index.php\/wp-json\/wp\/v2\/posts\/89996\/revisions"}],"predecessor-version":[{"id":89998,"href":"https:\/\/nvnoticias.mx\/index.php\/wp-json\/wp\/v2\/posts\/89996\/revisions\/89998"}],"wp:featuredmedia":[{"embeddable":true,"href":"https:\/\/nvnoticias.mx\/index.php\/wp-json\/wp\/v2\/media\/89997"}],"wp:attachment":[{"href":"https:\/\/nvnoticias.mx\/index.php\/wp-json\/wp\/v2\/media?parent=89996"}],"wp:term":[{"taxonomy":"category","embeddable":true,"href":"https:\/\/nvnoticias.mx\/index.php\/wp-json\/wp\/v2\/categories?post=89996"},{"taxonomy":"post_tag","embeddable":true,"href":"https:\/\/nvnoticias.mx\/index.php\/wp-json\/wp\/v2\/tags?post=89996"}],"curies":[{"name":"wp","href":"https:\/\/api.w.org\/{rel}","templated":true}]}}