{"id":89939,"date":"2023-01-12T12:53:09","date_gmt":"2023-01-12T18:53:09","guid":{"rendered":"https:\/\/nvnoticias.mx\/?p=89939"},"modified":"2023-01-12T12:53:10","modified_gmt":"2023-01-12T18:53:10","slug":"ciudades-judiciales-del-estado-se-construiran-con-recursos-propios","status":"publish","type":"post","link":"https:\/\/nvnoticias.mx\/index.php\/2023\/01\/12\/ciudades-judiciales-del-estado-se-construiran-con-recursos-propios\/","title":{"rendered":"Ciudades judiciales del estado se construir\u00e1n con recursos propios"},"content":{"rendered":"\n<p><strong>Jes\u00fas Utrilla \/ NV Noticias<\/strong><\/p>\n\n\n\n<p>Ciudades judiciales del estado se construir\u00e1n con recursos propios, afirm\u00f3 Lisbeth Aurelia Jim\u00e9nez Aguirre, presidenta del Tribunal Superior de Justicia. <\/p>\n\n\n\n<p>Dijo que la cancelaci\u00f3n de 10 de 20 contratos no implica echar para atr\u00e1s el proyecto.<br>El dinero para las obras se obtendr\u00e1 a trav\u00e9s del presupuesto que le asignan al Poder Judicial a trav\u00e9s del rubro de obra p\u00fablica.<\/p>\n\n\n\n<p>No detall\u00f3 sobre los costos ya que cada complejo judicial cuenta con distintas caracter\u00edsticas. Sin embargo, se dar\u00e1 prioridad a los distritos judiciales m\u00e1s grandes.<\/p>\n\n\n\n<blockquote class=\"wp-block-quote is-layout-flow wp-block-quote-is-layout-flow\"><p>\u201c<em>Claro que se van a hacer, porque lo que se cancel\u00f3 fueron los contratos no las ciudades judiciales y la inversi\u00f3n est\u00e1 muy de la mano con las caracter\u00edsticas de la ciudad judicial, lugar donde se encuentra ubicado, el tama\u00f1o. Yo no podr\u00eda dar una cifra precisa porque depende del distrito judicia<\/em>l\u201d.<\/p><\/blockquote>\n\n\n\n<p>Reconoci\u00f3 que se necesita construir ciudades judiciales, ya que hay distritos que carecen de este tipo de complejos que facilitan la impartici\u00f3n de justicia. A la par continuar\u00e1 la reasignaci\u00f3n de juzgados en el estado.<\/p>\n","protected":false},"excerpt":{"rendered":"<p>Jes\u00fas Utrilla \/ NV Noticias Ciudades judiciales del estado se construir\u00e1n con recursos propios, afirm\u00f3 Lisbeth Aurelia Jim\u00e9nez Aguirre, presidenta del Tribunal Superior de Justicia. Dijo que la cancelaci\u00f3n de 10 de 20 contratos no implica echar para atr\u00e1s el proyecto.El dinero para las obras se obtendr\u00e1 a trav\u00e9s del presupuesto que le asignan al [&hellip;]<\/p>\n","protected":false},"author":8,"featured_media":89492,"comment_status":"open","ping_status":"open","sticky":false,"template":"","format":"standard","meta":{"_monsterinsights_skip_tracking":false,"_monsterinsights_sitenote_active":false,"_monsterinsights_sitenote_note":"","_monsterinsights_sitenote_category":0,"footnotes":""},"categories":[154],"tags":[5262,1282],"class_list":["post-89939","post","type-post","status-publish","format-standard","has-post-thumbnail","hentry","category-veracruz","tag-ciudades-judiciales","tag-tribunal-superior-de-justicia","wp-image-borders"],"amp_enabled":true,"_links":{"self":[{"href":"https:\/\/nvnoticias.mx\/index.php\/wp-json\/wp\/v2\/posts\/89939","targetHints":{"allow":["GET"]}}],"collection":[{"href":"https:\/\/nvnoticias.mx\/index.php\/wp-json\/wp\/v2\/posts"}],"about":[{"href":"https:\/\/nvnoticias.mx\/index.php\/wp-json\/wp\/v2\/types\/post"}],"author":[{"embeddable":true,"href":"https:\/\/nvnoticias.mx\/index.php\/wp-json\/wp\/v2\/users\/8"}],"replies":[{"embeddable":true,"href":"https:\/\/nvnoticias.mx\/index.php\/wp-json\/wp\/v2\/comments?post=89939"}],"version-history":[{"count":1,"href":"https:\/\/nvnoticias.mx\/index.php\/wp-json\/wp\/v2\/posts\/89939\/revisions"}],"predecessor-version":[{"id":89944,"href":"https:\/\/nvnoticias.mx\/index.php\/wp-json\/wp\/v2\/posts\/89939\/revisions\/89944"}],"wp:featuredmedia":[{"embeddable":true,"href":"https:\/\/nvnoticias.mx\/index.php\/wp-json\/wp\/v2\/media\/89492"}],"wp:attachment":[{"href":"https:\/\/nvnoticias.mx\/index.php\/wp-json\/wp\/v2\/media?parent=89939"}],"wp:term":[{"taxonomy":"category","embeddable":true,"href":"https:\/\/nvnoticias.mx\/index.php\/wp-json\/wp\/v2\/categories?post=89939"},{"taxonomy":"post_tag","embeddable":true,"href":"https:\/\/nvnoticias.mx\/index.php\/wp-json\/wp\/v2\/tags?post=89939"}],"curies":[{"name":"wp","href":"https:\/\/api.w.org\/{rel}","templated":true}]}}