{"id":89920,"date":"2023-01-12T12:37:02","date_gmt":"2023-01-12T18:37:02","guid":{"rendered":"https:\/\/nvnoticias.mx\/?p=89920"},"modified":"2023-01-12T12:37:04","modified_gmt":"2023-01-12T18:37:04","slug":"elegira-pan-a-candidatos-para-gobierno-de-cdmx-y-a-la-presidencia-en-2024-de-la-coalicion","status":"publish","type":"post","link":"https:\/\/nvnoticias.mx\/index.php\/2023\/01\/12\/elegira-pan-a-candidatos-para-gobierno-de-cdmx-y-a-la-presidencia-en-2024-de-la-coalicion\/","title":{"rendered":"Elegir\u00e1 PAN a candidatos para gobierno de CDMX y a la presidencia en 2024 de la coalici\u00f3n"},"content":{"rendered":"\n<p>El PAN, PRI y PRD pactaron nuevamente para ir juntos en las elecciones de dos gubernaturas en 2023 y a la presidencia en 2024.<\/p>\n\n\n\n<p>En conferencia de prensa, el presidente del PAN, Marko Cort\u00e9s, se\u00f1al\u00f3 que acordaron que ser\u00e1n los priistas quienes elijan a los candidatos a la gubernatura de Coahuila y del Estado de M\u00e9xico en las elecciones para este a\u00f1o y los panistas, al candidato presidencial y al de la jefatura de Gobierno de la Ciudad de M\u00e9xico el pr\u00f3ximo a\u00f1o.&nbsp;<\/p>\n\n\n\n<blockquote class=\"wp-block-quote is-layout-flow wp-block-quote-is-layout-flow\"><p>\u201cComo se determinaron los candidatos de la coalici\u00f3n de 2021 y 2022 y que al PRI le toca llevar el proceso de las dos gubernaturas de 2023, se acord\u00f3 que para la Jefatura de Gobierno de la Ciudad de M\u00e9xico y la presidencia, el PAN ser\u00e1 el responsable de llevar a cabo el proceso\u201d, dijo Marko Cort\u00e9s.<\/p><\/blockquote>\n\n\n\n<p>Fuente: <a href=\"https:\/\/www.forbes.com.mx\/pan-elegira-a-candidatos-para-gobierno-de-cdmx-y-a-la-presidencia-en-2024-de-la-coalicion-va-por-mexico\/\" data-type=\"URL\" data-id=\"https:\/\/www.forbes.com.mx\/pan-elegira-a-candidatos-para-gobierno-de-cdmx-y-a-la-presidencia-en-2024-de-la-coalicion-va-por-mexico\/\">Forbes<\/a> <\/p>\n","protected":false},"excerpt":{"rendered":"<p>El PAN, PRI y PRD pactaron nuevamente para ir juntos en las elecciones de dos gubernaturas en 2023 y a la presidencia en 2024. En conferencia de prensa, el presidente del PAN, Marko Cort\u00e9s, se\u00f1al\u00f3 que acordaron que ser\u00e1n los priistas quienes elijan a los candidatos a la gubernatura de Coahuila y del Estado de [&hellip;]<\/p>\n","protected":false},"author":35,"featured_media":9779,"comment_status":"open","ping_status":"open","sticky":false,"template":"","format":"standard","meta":{"_monsterinsights_skip_tracking":false,"_monsterinsights_sitenote_active":false,"_monsterinsights_sitenote_note":"","_monsterinsights_sitenote_category":0,"footnotes":""},"categories":[158],"tags":[1525,307,454,22227,299,284,1058],"class_list":["post-89920","post","type-post","status-publish","format-standard","has-post-thumbnail","hentry","category-politica","tag-candidatos","tag-cdmx","tag-coalicion","tag-elegira","tag-gobierno","tag-pan","tag-presidencia","wp-image-borders"],"amp_enabled":true,"_links":{"self":[{"href":"https:\/\/nvnoticias.mx\/index.php\/wp-json\/wp\/v2\/posts\/89920","targetHints":{"allow":["GET"]}}],"collection":[{"href":"https:\/\/nvnoticias.mx\/index.php\/wp-json\/wp\/v2\/posts"}],"about":[{"href":"https:\/\/nvnoticias.mx\/index.php\/wp-json\/wp\/v2\/types\/post"}],"author":[{"embeddable":true,"href":"https:\/\/nvnoticias.mx\/index.php\/wp-json\/wp\/v2\/users\/35"}],"replies":[{"embeddable":true,"href":"https:\/\/nvnoticias.mx\/index.php\/wp-json\/wp\/v2\/comments?post=89920"}],"version-history":[{"count":3,"href":"https:\/\/nvnoticias.mx\/index.php\/wp-json\/wp\/v2\/posts\/89920\/revisions"}],"predecessor-version":[{"id":89923,"href":"https:\/\/nvnoticias.mx\/index.php\/wp-json\/wp\/v2\/posts\/89920\/revisions\/89923"}],"wp:featuredmedia":[{"embeddable":true,"href":"https:\/\/nvnoticias.mx\/index.php\/wp-json\/wp\/v2\/media\/9779"}],"wp:attachment":[{"href":"https:\/\/nvnoticias.mx\/index.php\/wp-json\/wp\/v2\/media?parent=89920"}],"wp:term":[{"taxonomy":"category","embeddable":true,"href":"https:\/\/nvnoticias.mx\/index.php\/wp-json\/wp\/v2\/categories?post=89920"},{"taxonomy":"post_tag","embeddable":true,"href":"https:\/\/nvnoticias.mx\/index.php\/wp-json\/wp\/v2\/tags?post=89920"}],"curies":[{"name":"wp","href":"https:\/\/api.w.org\/{rel}","templated":true}]}}