{"id":89888,"date":"2023-01-12T12:08:21","date_gmt":"2023-01-12T18:08:21","guid":{"rendered":"https:\/\/nvnoticias.mx\/?p=89888"},"modified":"2023-01-12T12:10:30","modified_gmt":"2023-01-12T18:10:30","slug":"federacion-y-estado-atienden-la-inseguridad-en-cordoba","status":"publish","type":"post","link":"https:\/\/nvnoticias.mx\/index.php\/2023\/01\/12\/federacion-y-estado-atienden-la-inseguridad-en-cordoba\/","title":{"rendered":"Federaci\u00f3n y Estado atienden la inseguridad en C\u00f3rdoba"},"content":{"rendered":"\n<p><strong>Jes\u00fas Utrilla \/ NV Noticias<\/strong><\/p>\n\n\n\n<p>Las autoridades federales coadyuvan con el estado para atender la inseguridad en C\u00f3rdoba, afirm\u00f3 el secretario de Gobernaci\u00f3n, Ad\u00e1n Augusto L\u00f3pez Hern\u00e1ndez.<\/p>\n\n\n\n<p>El funcionario federal desayun\u00f3 con el gobernador Cuitl\u00e1huac Garc\u00eda Jim\u00e9nez en un conocido caf\u00e9 del malec\u00f3n de Veracruz.<\/p>\n\n\n\n<p>En entrevista afirm\u00f3 que en materia de seguridad la federaci\u00f3n apoya al Gobierno Estatal, aunque Veracruz es de los estados con mayor gobernabilidad en el pa\u00eds.<\/p>\n\n\n\n<blockquote class=\"wp-block-quote is-layout-flow wp-block-quote-is-layout-flow\"><p>\u201c<em>El gobernador de Veracruz es emanado del movimiento que gobierna el pa\u00eds y es comprometido. Es un baluarte de la pol\u00edtica p\u00fablica del gobierno del presidente<\/em>\u201d.<\/p><\/blockquote>\n\n\n\n<p>Lament\u00f3 el asesinato de los polic\u00edas en C\u00f3rdoba y reiter\u00f3 que el Gobierno Federal coadyuva con el Estatal para garantizar las condiciones de todos los que viven en la entidad veracruzana.<\/p>\n\n\n\n<blockquote class=\"wp-block-quote is-layout-flow wp-block-quote-is-layout-flow\"><p>\u201c<em>No est\u00e1 ca\u00f3tica la situaci\u00f3n, aqu\u00ed hay algunas regiones en donde hay problemas y estamos coadyuvando con el gobernador a atender la seguridad. En Veracruz hay total y absoluta gobernabilidad<\/em>\u201d.<\/p><\/blockquote>\n\n\n\n<p>Sobre el caso Culiac\u00e1n dijo que se restableci\u00f3 el orden al norte del pa\u00eds luego de los hechos violentos en Sinaloa, tras la detenci\u00f3n de Ovidio \u201cN\u201d, hijo de \u201cEl Chapo\u201d Guzm\u00e1n. Adem\u00e1s el tema no se toc\u00f3 con Joe Biden, presidente de Estados Unidos en la Cumbre de Am\u00e9rica del Norte. Asegur\u00f3 que tuvo reportes de que en la actualidad prevalece la tranquilidad.<\/p>\n\n\n\n<blockquote class=\"wp-block-quote is-layout-flow wp-block-quote-is-layout-flow\"><p>\u201c<em>Acabo precisamente de llamarle al gobernador Rub\u00e9n Rocha, incluso en Jes\u00fas Mar\u00eda todo regresa a la normalidad<\/em>\u201d.<\/p><\/blockquote>\n\n\n\n<p>En otro tema dijo que ser\u00e1n las autoridades universitarias las que revisen y emitan una resoluci\u00f3n sobre la tesis de licenciatura de la ministra de la Suprema Corte de Justicia de la Naci\u00f3n (SCJN), Yasm\u00edn Esquivel.<\/p>\n\n\n\n<blockquote class=\"wp-block-quote is-layout-flow wp-block-quote-is-layout-flow\"><p>\u201c<em>Haber, ella tendr\u00eda que defenderse, tiene derechos y despu\u00e9s de eso tendr\u00e1 que resolver la universidad y dependiendo de eso. Hay problemas mucho muy importantes que se est\u00e1n atendiendo todos los d\u00edas, lo otro que lo resuelvan las autoridades universitarias, no es un asunto del gobierno<\/em>\u201d.<\/p><\/blockquote>\n\n\n\n<p>Finalmente, rechaz\u00f3 estar llevando a cabo una campa\u00f1a proselitista por el contrario, estuvo en Veracruz para dialogar con&nbsp;los&nbsp;ciudadanos.<\/p>\n","protected":false},"excerpt":{"rendered":"<p>Jes\u00fas Utrilla \/ NV Noticias Las autoridades federales coadyuvan con el estado para atender la inseguridad en C\u00f3rdoba, afirm\u00f3 el secretario de Gobernaci\u00f3n, Ad\u00e1n Augusto L\u00f3pez Hern\u00e1ndez. El funcionario federal desayun\u00f3 con el gobernador Cuitl\u00e1huac Garc\u00eda Jim\u00e9nez en un conocido caf\u00e9 del malec\u00f3n de Veracruz. En entrevista afirm\u00f3 que en materia de seguridad la federaci\u00f3n [&hellip;]<\/p>\n","protected":false},"author":8,"featured_media":89890,"comment_status":"open","ping_status":"open","sticky":false,"template":"","format":"standard","meta":{"_monsterinsights_skip_tracking":false,"_monsterinsights_sitenote_active":false,"_monsterinsights_sitenote_note":"","_monsterinsights_sitenote_category":0,"footnotes":""},"categories":[154],"tags":[756,314,347,162],"class_list":["post-89888","post","type-post","status-publish","format-standard","has-post-thumbnail","hentry","category-veracruz","tag-cordoba","tag-estado","tag-inseguridad","tag-portada","wp-image-borders"],"amp_enabled":true,"_links":{"self":[{"href":"https:\/\/nvnoticias.mx\/index.php\/wp-json\/wp\/v2\/posts\/89888","targetHints":{"allow":["GET"]}}],"collection":[{"href":"https:\/\/nvnoticias.mx\/index.php\/wp-json\/wp\/v2\/posts"}],"about":[{"href":"https:\/\/nvnoticias.mx\/index.php\/wp-json\/wp\/v2\/types\/post"}],"author":[{"embeddable":true,"href":"https:\/\/nvnoticias.mx\/index.php\/wp-json\/wp\/v2\/users\/8"}],"replies":[{"embeddable":true,"href":"https:\/\/nvnoticias.mx\/index.php\/wp-json\/wp\/v2\/comments?post=89888"}],"version-history":[{"count":2,"href":"https:\/\/nvnoticias.mx\/index.php\/wp-json\/wp\/v2\/posts\/89888\/revisions"}],"predecessor-version":[{"id":89892,"href":"https:\/\/nvnoticias.mx\/index.php\/wp-json\/wp\/v2\/posts\/89888\/revisions\/89892"}],"wp:featuredmedia":[{"embeddable":true,"href":"https:\/\/nvnoticias.mx\/index.php\/wp-json\/wp\/v2\/media\/89890"}],"wp:attachment":[{"href":"https:\/\/nvnoticias.mx\/index.php\/wp-json\/wp\/v2\/media?parent=89888"}],"wp:term":[{"taxonomy":"category","embeddable":true,"href":"https:\/\/nvnoticias.mx\/index.php\/wp-json\/wp\/v2\/categories?post=89888"},{"taxonomy":"post_tag","embeddable":true,"href":"https:\/\/nvnoticias.mx\/index.php\/wp-json\/wp\/v2\/tags?post=89888"}],"curies":[{"name":"wp","href":"https:\/\/api.w.org\/{rel}","templated":true}]}}