{"id":89810,"date":"2023-01-11T14:53:11","date_gmt":"2023-01-11T20:53:11","guid":{"rendered":"https:\/\/nvnoticias.mx\/?p=89810"},"modified":"2023-01-11T14:53:12","modified_gmt":"2023-01-11T20:53:12","slug":"cuauhtemoc-blanco-alza-la-mano-para-dirigir-a-la-seleccion-mexicana","status":"publish","type":"post","link":"https:\/\/nvnoticias.mx\/index.php\/2023\/01\/11\/cuauhtemoc-blanco-alza-la-mano-para-dirigir-a-la-seleccion-mexicana\/","title":{"rendered":"Cuauht\u00e9moc Blanco alza la mano para dirigir a la Selecci\u00f3n Mexicana"},"content":{"rendered":"\n<p>Aunque tiene el deseo de seguir en la pol\u00edtica,\u00a0Cuauht\u00e9moc Blanco\u00a0asegura que tambi\u00e9n le gustar\u00eda volver al futbol como entrenador\u2026 Y sus objetivos son tanto el\u00a0Am\u00e9rica\u00a0como la Selecci\u00f3n Nacional.<\/p>\n\n\n\n<p>El\u00a0Gobernador de Morelos\u00a0dice que pedir\u00e1 permiso al presidente\u00a0Andr\u00e9s Manuel L\u00f3pez Obrador\u00a0para contender por otro cargo p\u00fablico en 2024, pero \u201cSi se da (seguir en la pol\u00edtica), qu\u00e9 bueno. Si no, me regreso (al futbol) -como siempre he dicho- a ser entrenador de un equipo de aqu\u00ed de M\u00e9xico\u201d.<\/p>\n\n\n\n<blockquote class=\"wp-block-quote is-layout-flow wp-block-quote-is-layout-flow\"><p>\u201c<em>Me encantar\u00eda dirigir en el extranjero, me gustar\u00eda un d\u00eda dirigir al Am\u00e9rica y un d\u00eda dirigir a la Selecci\u00f3n, c\u00f3mo no, pero hay que ir paso a paso<\/em>\u201d, agreg\u00f3.<\/p><\/blockquote>\n\n\n\n<p>Blanco\u00a0es el m\u00e1s reciente \u00eddolo de las\u00a0\u00c1guilas, cuya afici\u00f3n desea que alg\u00fan d\u00eda vuelva al club como entrenador.<\/p>\n\n\n\n<p>El exdelantero ya realiz\u00f3 el curso de director t\u00e9cnico, por lo que cumple con ese requisito.<\/p>\n\n\n\n<p>Fuente: <a href=\"https:\/\/www.eluniversal.com.mx\/universal-deportes\/cuauhtemoc-blanco-alza-la-mano-para-dirigir-la-seleccion-mexicana\">El Universal<\/a><\/p>\n","protected":false},"excerpt":{"rendered":"<p>Aunque tiene el deseo de seguir en la pol\u00edtica,\u00a0Cuauht\u00e9moc Blanco\u00a0asegura que tambi\u00e9n le gustar\u00eda volver al futbol como entrenador\u2026 Y sus objetivos son tanto el\u00a0Am\u00e9rica\u00a0como la Selecci\u00f3n Nacional. El\u00a0Gobernador de Morelos\u00a0dice que pedir\u00e1 permiso al presidente\u00a0Andr\u00e9s Manuel L\u00f3pez Obrador\u00a0para contender por otro cargo p\u00fablico en 2024, pero \u201cSi se da (seguir en la pol\u00edtica), qu\u00e9 [&hellip;]<\/p>\n","protected":false},"author":8,"featured_media":51121,"comment_status":"open","ping_status":"open","sticky":false,"template":"","format":"standard","meta":{"_monsterinsights_skip_tracking":false,"_monsterinsights_sitenote_active":false,"_monsterinsights_sitenote_note":"","_monsterinsights_sitenote_category":0,"footnotes":""},"categories":[159],"tags":[6337,2694],"class_list":["post-89810","post","type-post","status-publish","format-standard","has-post-thumbnail","hentry","category-deportes","tag-cuauhtemoc-blanco","tag-seleccion-mexicana","wp-image-borders"],"amp_enabled":true,"_links":{"self":[{"href":"https:\/\/nvnoticias.mx\/index.php\/wp-json\/wp\/v2\/posts\/89810","targetHints":{"allow":["GET"]}}],"collection":[{"href":"https:\/\/nvnoticias.mx\/index.php\/wp-json\/wp\/v2\/posts"}],"about":[{"href":"https:\/\/nvnoticias.mx\/index.php\/wp-json\/wp\/v2\/types\/post"}],"author":[{"embeddable":true,"href":"https:\/\/nvnoticias.mx\/index.php\/wp-json\/wp\/v2\/users\/8"}],"replies":[{"embeddable":true,"href":"https:\/\/nvnoticias.mx\/index.php\/wp-json\/wp\/v2\/comments?post=89810"}],"version-history":[{"count":1,"href":"https:\/\/nvnoticias.mx\/index.php\/wp-json\/wp\/v2\/posts\/89810\/revisions"}],"predecessor-version":[{"id":89812,"href":"https:\/\/nvnoticias.mx\/index.php\/wp-json\/wp\/v2\/posts\/89810\/revisions\/89812"}],"wp:featuredmedia":[{"embeddable":true,"href":"https:\/\/nvnoticias.mx\/index.php\/wp-json\/wp\/v2\/media\/51121"}],"wp:attachment":[{"href":"https:\/\/nvnoticias.mx\/index.php\/wp-json\/wp\/v2\/media?parent=89810"}],"wp:term":[{"taxonomy":"category","embeddable":true,"href":"https:\/\/nvnoticias.mx\/index.php\/wp-json\/wp\/v2\/categories?post=89810"},{"taxonomy":"post_tag","embeddable":true,"href":"https:\/\/nvnoticias.mx\/index.php\/wp-json\/wp\/v2\/tags?post=89810"}],"curies":[{"name":"wp","href":"https:\/\/api.w.org\/{rel}","templated":true}]}}