{"id":89775,"date":"2023-01-11T12:48:12","date_gmt":"2023-01-11T18:48:12","guid":{"rendered":"https:\/\/nvnoticias.mx\/?p=89775"},"modified":"2023-01-11T12:48:12","modified_gmt":"2023-01-11T18:48:12","slug":"anuncian-actividades-para-observacion-de-cometa-c-2022","status":"publish","type":"post","link":"https:\/\/nvnoticias.mx\/index.php\/2023\/01\/11\/anuncian-actividades-para-observacion-de-cometa-c-2022\/","title":{"rendered":"Anuncian actividades para observaci\u00f3n de cometa C\/2022"},"content":{"rendered":"\n<p><strong>Sam Ojeda\u00a0\/ NV Noticias<\/strong><\/p>\n\n\n\n<p>Xalapa.- Este viernes 13 de enero se realizar\u00e1n actividades para la observaci\u00f3n del cometa C\/2022 E3 ZTF en el Museo Kan\u00e1.&nbsp;<\/p>\n\n\n\n<p>Al respecto, el director del Consejo Veracruzano de Ciencia y Tecnolog\u00eda (Coveycidet), Darwin Mayorga, se\u00f1al\u00f3 que esto se debe a la previsi\u00f3n de que el cometa pueda verse a simple vista desde Veracruz.<\/p>\n\n\n\n<p>Se trata del paso del cometa por la Tierra se trata de un fen\u00f3meno que no ocurre desde hace 50 mil a\u00f1os. Y es que del 12 al 14 de enero este cometa estar\u00e1 cerca del sol y su cauda es m\u00e1s grande, por tanto si las condiciones clim\u00e1ticas lo permiten ser\u00e1 probable observarlo a simple vista.&nbsp;<\/p>\n\n\n\n<p>Darwin Mayorga, indic\u00f3 que el viernes 13 de enero se realizar\u00e1n diversas actividades en el Museo Kan\u00e1, como conferencias y observaci\u00f3n del cielo.&nbsp;<\/p>\n\n\n\n<blockquote class=\"wp-block-quote is-layout-flow wp-block-quote-is-layout-flow\"><p>\u201c<em>Habr\u00e1 actividades para visualizar el paso de este viajero que tiene 50 mil a\u00f1os que no se acercaba al sistema sola<\/em>r\u201d.\u00a0<\/p><\/blockquote>\n\n\n\n<p>El viernes 13 de enero se realizar\u00e1 la conferencia \u201cHielo viajero\u201d con un cupo de 300 personas y en un horario de 18:30 a 19:00 horas. Esta conferencia est\u00e1 a cargo del f\u00edsico Ram\u00f3n Vargas Salas.&nbsp;<\/p>\n\n\n\n<blockquote class=\"wp-block-quote is-layout-flow wp-block-quote-is-layout-flow\"><p>\u201c<em>Abordar\u00e1 lo que sabemos sobre los cometas, su formaci\u00f3n, su ubicaci\u00f3n, cu\u00e1les son los cometas m\u00e1s famosos y los usos posibles, as\u00ed como la mitolog\u00eda<\/em>\u201d<\/p><\/blockquote>\n\n\n\n<p>Tambi\u00e9n se tiene planeada la observaci\u00f3n astron\u00f3mica a simple vista y se recomienda acudir con telescopio o binoculares; esto se llevar\u00e1 a cabo de 7 a 9 de la noche.<\/p>\n\n\n\n<p>Habr\u00e1 proyecciones en planetario STAKU con funciones cada 30 minutos en las que se contar\u00e1 con una capacidad de 30 personas y el acceso ser\u00e1 gratuito.&nbsp;<\/p>\n","protected":false},"excerpt":{"rendered":"<p>Sam Ojeda\u00a0\/ NV Noticias Xalapa.- Este viernes 13 de enero se realizar\u00e1n actividades para la observaci\u00f3n del cometa C\/2022 E3 ZTF en el Museo Kan\u00e1.&nbsp; Al respecto, el director del Consejo Veracruzano de Ciencia y Tecnolog\u00eda (Coveycidet), Darwin Mayorga, se\u00f1al\u00f3 que esto se debe a la previsi\u00f3n de que el cometa pueda verse a simple [&hellip;]<\/p>\n","protected":false},"author":8,"featured_media":89776,"comment_status":"open","ping_status":"open","sticky":false,"template":"","format":"standard","meta":{"_monsterinsights_skip_tracking":false,"_monsterinsights_sitenote_active":false,"_monsterinsights_sitenote_note":"","_monsterinsights_sitenote_category":0,"footnotes":""},"categories":[156],"tags":[22471,7922,22472],"class_list":["post-89775","post","type-post","status-publish","format-standard","has-post-thumbnail","hentry","category-estado","tag-cometa-c-2022","tag-museo-kana","tag-observacion","wp-image-borders"],"amp_enabled":true,"_links":{"self":[{"href":"https:\/\/nvnoticias.mx\/index.php\/wp-json\/wp\/v2\/posts\/89775","targetHints":{"allow":["GET"]}}],"collection":[{"href":"https:\/\/nvnoticias.mx\/index.php\/wp-json\/wp\/v2\/posts"}],"about":[{"href":"https:\/\/nvnoticias.mx\/index.php\/wp-json\/wp\/v2\/types\/post"}],"author":[{"embeddable":true,"href":"https:\/\/nvnoticias.mx\/index.php\/wp-json\/wp\/v2\/users\/8"}],"replies":[{"embeddable":true,"href":"https:\/\/nvnoticias.mx\/index.php\/wp-json\/wp\/v2\/comments?post=89775"}],"version-history":[{"count":1,"href":"https:\/\/nvnoticias.mx\/index.php\/wp-json\/wp\/v2\/posts\/89775\/revisions"}],"predecessor-version":[{"id":89777,"href":"https:\/\/nvnoticias.mx\/index.php\/wp-json\/wp\/v2\/posts\/89775\/revisions\/89777"}],"wp:featuredmedia":[{"embeddable":true,"href":"https:\/\/nvnoticias.mx\/index.php\/wp-json\/wp\/v2\/media\/89776"}],"wp:attachment":[{"href":"https:\/\/nvnoticias.mx\/index.php\/wp-json\/wp\/v2\/media?parent=89775"}],"wp:term":[{"taxonomy":"category","embeddable":true,"href":"https:\/\/nvnoticias.mx\/index.php\/wp-json\/wp\/v2\/categories?post=89775"},{"taxonomy":"post_tag","embeddable":true,"href":"https:\/\/nvnoticias.mx\/index.php\/wp-json\/wp\/v2\/tags?post=89775"}],"curies":[{"name":"wp","href":"https:\/\/api.w.org\/{rel}","templated":true}]}}