{"id":89767,"date":"2023-01-11T12:26:51","date_gmt":"2023-01-11T18:26:51","guid":{"rendered":"https:\/\/nvnoticias.mx\/?p=89767"},"modified":"2023-01-11T12:26:51","modified_gmt":"2023-01-11T18:26:51","slug":"detienen-a-tres-personas-por-enfrentamiento-en-cordoba","status":"publish","type":"post","link":"https:\/\/nvnoticias.mx\/index.php\/2023\/01\/11\/detienen-a-tres-personas-por-enfrentamiento-en-cordoba\/","title":{"rendered":"Detienen a tres personas por enfrentamiento en C\u00f3rdoba"},"content":{"rendered":"\n<p><strong>Sam Ojeda\u00a0\/ NV Noticias<\/strong><\/p>\n\n\n\n<p>Xalapa.- Fueron detenidos tres presuntos integrantes de una c\u00e9lula delictiva que opera en la zona de C\u00f3rdoba y que se enfrentaron a polic\u00edas estatales durante este martes, se\u00f1al\u00f3 el gobernador Cuitl\u00e1huac Garc\u00eda Jim\u00e9nez.<\/p>\n\n\n\n<p>En conferencia de prensa, Indic\u00f3 que se implement\u00f3 un operativo que est\u00e1 vigente y que tras el ataque a polic\u00edas y se logr\u00f3 el aseguramiento de una granada.&nbsp;<\/p>\n\n\n\n<p>Al ofrecer el p\u00e9same a las familias de dos polic\u00edas estatales ca\u00eddos en cumplimiento de su deber, dijo que murieron un polic\u00eda hombre y una mujer.&nbsp;<\/p>\n\n\n\n<blockquote class=\"wp-block-quote is-layout-flow wp-block-quote-is-layout-flow\"><p>\u201c<em>Caen tres detenidos incluyendo el que intent\u00f3 defenderse con una granada, fue controlado, puesto disposici\u00f3n, se retir\u00f3 la granada, Sedena se encarg\u00f3 de eliminar este artefacto<\/em>\u201d.<\/p><\/blockquote>\n\n\n\n<p>Adem\u00e1s, consider\u00f3 que este enfrentamiento se trata de una reacci\u00f3n a las detenciones de integrantes y l\u00edderes de diversas bandas que han realizado.&nbsp;<\/p>\n\n\n\n<blockquote class=\"wp-block-quote is-layout-flow wp-block-quote-is-layout-flow\"><p>\u201c<em>Se reforz\u00f3 el operativo, hay tres sentidos incluyendo el que intent\u00f3 defenderse con una granada, fue controlado y est\u00e1 puesto a disposici\u00f3n, se retir\u00f3 la granada, Sedena se encarg\u00f3 de destruir ese artefacto y ahorita est\u00e1 en calma, en control pero sigue el operativo en C\u00f3rdoba. Tiene relaci\u00f3n con los operativos que hemos realizado y la detenci\u00f3n de personas<\/em>\u201d.<\/p><\/blockquote>\n\n\n\n<p>Sobre el ataque a polic\u00edas en Rafael Delgado, dijo que investigan la posible relaci\u00f3n entre el enfrentamiento en C\u00f3rdoba con el ataque a polic\u00edas en el municipio de Rafael Delgado<\/p>\n\n\n\n<blockquote class=\"wp-block-quote is-layout-flow wp-block-quote-is-layout-flow\"><p>\u201c<em>Pensamos que hay un enlace entre ellos porque aunque son c\u00e9lulas diferentes se llegan a poner de acuerdo, pensamos que pudiera haber alguien m\u00e1s arriba de ellos y vamos contra todos, un jefecillo m\u00e1s que est\u00e1 ah\u00ed<\/em>\u201d.<\/p><\/blockquote>\n\n\n\n<p>\u00a0<\/p>\n","protected":false},"excerpt":{"rendered":"<p>Sam Ojeda\u00a0\/ NV Noticias Xalapa.- Fueron detenidos tres presuntos integrantes de una c\u00e9lula delictiva que opera en la zona de C\u00f3rdoba y que se enfrentaron a polic\u00edas estatales durante este martes, se\u00f1al\u00f3 el gobernador Cuitl\u00e1huac Garc\u00eda Jim\u00e9nez. En conferencia de prensa, Indic\u00f3 que se implement\u00f3 un operativo que est\u00e1 vigente y que tras el ataque [&hellip;]<\/p>\n","protected":false},"author":8,"featured_media":60647,"comment_status":"open","ping_status":"open","sticky":false,"template":"","format":"standard","meta":{"_monsterinsights_skip_tracking":false,"_monsterinsights_sitenote_active":false,"_monsterinsights_sitenote_note":"","_monsterinsights_sitenote_category":0,"footnotes":""},"categories":[156],"tags":[756,788],"class_list":["post-89767","post","type-post","status-publish","format-standard","has-post-thumbnail","hentry","category-estado","tag-cordoba","tag-detenidos","wp-image-borders"],"amp_enabled":true,"_links":{"self":[{"href":"https:\/\/nvnoticias.mx\/index.php\/wp-json\/wp\/v2\/posts\/89767","targetHints":{"allow":["GET"]}}],"collection":[{"href":"https:\/\/nvnoticias.mx\/index.php\/wp-json\/wp\/v2\/posts"}],"about":[{"href":"https:\/\/nvnoticias.mx\/index.php\/wp-json\/wp\/v2\/types\/post"}],"author":[{"embeddable":true,"href":"https:\/\/nvnoticias.mx\/index.php\/wp-json\/wp\/v2\/users\/8"}],"replies":[{"embeddable":true,"href":"https:\/\/nvnoticias.mx\/index.php\/wp-json\/wp\/v2\/comments?post=89767"}],"version-history":[{"count":1,"href":"https:\/\/nvnoticias.mx\/index.php\/wp-json\/wp\/v2\/posts\/89767\/revisions"}],"predecessor-version":[{"id":89768,"href":"https:\/\/nvnoticias.mx\/index.php\/wp-json\/wp\/v2\/posts\/89767\/revisions\/89768"}],"wp:featuredmedia":[{"embeddable":true,"href":"https:\/\/nvnoticias.mx\/index.php\/wp-json\/wp\/v2\/media\/60647"}],"wp:attachment":[{"href":"https:\/\/nvnoticias.mx\/index.php\/wp-json\/wp\/v2\/media?parent=89767"}],"wp:term":[{"taxonomy":"category","embeddable":true,"href":"https:\/\/nvnoticias.mx\/index.php\/wp-json\/wp\/v2\/categories?post=89767"},{"taxonomy":"post_tag","embeddable":true,"href":"https:\/\/nvnoticias.mx\/index.php\/wp-json\/wp\/v2\/tags?post=89767"}],"curies":[{"name":"wp","href":"https:\/\/api.w.org\/{rel}","templated":true}]}}