{"id":89663,"date":"2023-01-10T13:42:54","date_gmt":"2023-01-10T19:42:54","guid":{"rendered":"https:\/\/nvnoticias.mx\/?p=89663"},"modified":"2023-01-10T13:42:55","modified_gmt":"2023-01-10T19:42:55","slug":"se-reunieron-ebrard-joly-y-blinken-con-lideres-empresariales-de-mexico-eu-y-canada","status":"publish","type":"post","link":"https:\/\/nvnoticias.mx\/index.php\/2023\/01\/10\/se-reunieron-ebrard-joly-y-blinken-con-lideres-empresariales-de-mexico-eu-y-canada\/","title":{"rendered":"Se reunieron Ebrard, Joly y Blinken con l\u00edderes empresariales de M\u00e9xico, EU y Canad\u00e1"},"content":{"rendered":"\n<p>En el marco de las actividades de la X Cumbre de L\u00edderes de Am\u00e9rica del Norte (CLAN), el secretario de Relaciones Exteriores, Marcelo Ebrard; la ministra de Asuntos Exteriores de Canad\u00e1, M\u00e9lanie Joly, y el secretario de Estado de los Estados Unidos, Antony Blinken, se reunieron con l\u00edderes empresariales para hablar sobre las distintas formas de profundizar la cooperaci\u00f3n econ\u00f3mica trilateral, promover la inversi\u00f3n, acelerar el crecimiento econ\u00f3mico de la regi\u00f3n y reforzar la estabilidad y resiliencia de la econom\u00eda en Am\u00e9rica del Norte.<\/p>\n\n\n\n<p>En este encuentro participaron el Consejo Coordinador Empresarial (CCE), la C\u00e1mara de Comercio de Estados Unidos y el Consejo de Negocios de Canad\u00e1, quienes convocaron a la Cumbre de L\u00edderes Empresariales de Am\u00e9rica del Norte con el fin de impulsar la colaboraci\u00f3n entre el sector p\u00fablico y privado en la regi\u00f3n.<\/p>\n\n\n\n<blockquote class=\"wp-block-quote is-layout-flow wp-block-quote-is-layout-flow\"><p>\u201cNo estamos hablando de una Cumbre m\u00e1s, hablamos de la Cumbre de los l\u00edderes de la regi\u00f3n m\u00e1s importante del mundo (\u2026) Tenemos a tres l\u00edderes con una misma visi\u00f3n, tres l\u00edderes que tienen en sus manos el poder de decidir sobre el futuro de nuestros pa\u00edses y todos los que estamos en esta sala nos sumaremos a esos esfuerzos para ser parte del exitoso futuro que le depara a nuestra regi\u00f3n, el momento es ahora\u201d, puntualiz\u00f3 el canciller mexicano.<\/p><\/blockquote>\n\n\n\n<p>Por su parte, la ministra M\u00e9lanie Joly, se refiri\u00f3 al momento de incertidumbre que se vive en el mundo, \u201cel rol que desempe\u00f1en los l\u00edderes de Norteam\u00e9rica servir\u00e1 para dar certeza a sus pueblos\u201d.<\/p>\n\n\n\n<p>Agreg\u00f3 que Am\u00e9rica del Norte no debe de ser un lugar de ausencia, sino una regi\u00f3n que busque la prosperidad, \u201cy por eso estamos trabajando con ustedes para que las propuestas no solo sean palabras, sino acciones\u201d.<\/p>\n\n\n\n<p>Mientras, el secretario Antony Blinken coment\u00f3 que las decisiones que se tomen en los pr\u00f3ximos d\u00edas definir\u00e1 lo que suceda en M\u00e9xico, Estados Unidos y Canad\u00e1 en los siguientes 50 a\u00f1os.<\/p>\n\n\n\n<p>\u201cSi podemos hacer esto juntos, habremos aprovechado el gran momento que vivimos. No podr\u00edamos pedir mejores socios para hacerlo posible\u201d, concluy\u00f3 el funcionario estadounidense.<\/p>\n\n\n\n<p>El evento estuvo la secretaria de Econom\u00eda, Raquel Buenrostro; el embajador de M\u00e9xico en Estados Unidos, Esteban Moctezuma; el embajador de M\u00e9xico en Canad\u00e1, Carlos Joaqu\u00edn; el jefe de la Unidad para Am\u00e9rica del Norte de la SRE, Roberto Velasco; la secretaria de Comercio de Estados Unidos, Gina Raimondo; el embajador de Estados Unidos en M\u00e9xico, Ken Salazar, entre otros.<\/p>\n\n\n\n<p>Fuente: <a href=\"https:\/\/www.forbes.com.mx\/ebrard-joly-y-blinken-se-reunen-con-lideres-empresariales-de-mexico-eu-y-canada\/\" data-type=\"URL\" data-id=\"https:\/\/www.forbes.com.mx\/ebrard-joly-y-blinken-se-reunen-con-lideres-empresariales-de-mexico-eu-y-canada\/\">Forbes<\/a><\/p>\n","protected":false},"excerpt":{"rendered":"<p>En el marco de las actividades de la X Cumbre de L\u00edderes de Am\u00e9rica del Norte (CLAN), el secretario de Relaciones Exteriores, Marcelo Ebrard; la ministra de Asuntos Exteriores de Canad\u00e1, M\u00e9lanie Joly, y el secretario de Estado de los Estados Unidos, Antony Blinken, se reunieron con l\u00edderes empresariales para hablar sobre las distintas formas [&hellip;]<\/p>\n","protected":false},"author":35,"featured_media":89668,"comment_status":"open","ping_status":"open","sticky":false,"template":"","format":"standard","meta":{"_monsterinsights_skip_tracking":false,"_monsterinsights_sitenote_active":false,"_monsterinsights_sitenote_note":"","_monsterinsights_sitenote_category":0,"footnotes":""},"categories":[158],"tags":[19092,887,183,22452,4250,391,22451],"class_list":["post-89663","post","type-post","status-publish","format-standard","has-post-thumbnail","hentry","category-politica","tag-anthony-blinken","tag-canada-2","tag-estados-unidos","tag-joly","tag-lideres-empresariales","tag-marcelo-ebrard","tag-se-reunieron","wp-image-borders"],"amp_enabled":true,"_links":{"self":[{"href":"https:\/\/nvnoticias.mx\/index.php\/wp-json\/wp\/v2\/posts\/89663","targetHints":{"allow":["GET"]}}],"collection":[{"href":"https:\/\/nvnoticias.mx\/index.php\/wp-json\/wp\/v2\/posts"}],"about":[{"href":"https:\/\/nvnoticias.mx\/index.php\/wp-json\/wp\/v2\/types\/post"}],"author":[{"embeddable":true,"href":"https:\/\/nvnoticias.mx\/index.php\/wp-json\/wp\/v2\/users\/35"}],"replies":[{"embeddable":true,"href":"https:\/\/nvnoticias.mx\/index.php\/wp-json\/wp\/v2\/comments?post=89663"}],"version-history":[{"count":4,"href":"https:\/\/nvnoticias.mx\/index.php\/wp-json\/wp\/v2\/posts\/89663\/revisions"}],"predecessor-version":[{"id":89669,"href":"https:\/\/nvnoticias.mx\/index.php\/wp-json\/wp\/v2\/posts\/89663\/revisions\/89669"}],"wp:featuredmedia":[{"embeddable":true,"href":"https:\/\/nvnoticias.mx\/index.php\/wp-json\/wp\/v2\/media\/89668"}],"wp:attachment":[{"href":"https:\/\/nvnoticias.mx\/index.php\/wp-json\/wp\/v2\/media?parent=89663"}],"wp:term":[{"taxonomy":"category","embeddable":true,"href":"https:\/\/nvnoticias.mx\/index.php\/wp-json\/wp\/v2\/categories?post=89663"},{"taxonomy":"post_tag","embeddable":true,"href":"https:\/\/nvnoticias.mx\/index.php\/wp-json\/wp\/v2\/tags?post=89663"}],"curies":[{"name":"wp","href":"https:\/\/api.w.org\/{rel}","templated":true}]}}