{"id":89609,"date":"2023-01-10T12:28:04","date_gmt":"2023-01-10T18:28:04","guid":{"rendered":"https:\/\/nvnoticias.mx\/?p=89609"},"modified":"2023-01-10T12:28:04","modified_gmt":"2023-01-10T18:28:04","slug":"se-quejan-pensionados-del-bienestar-por-largas-filas-para-poder-cobrar","status":"publish","type":"post","link":"https:\/\/nvnoticias.mx\/index.php\/2023\/01\/10\/se-quejan-pensionados-del-bienestar-por-largas-filas-para-poder-cobrar\/","title":{"rendered":"Se quejan pensionados del bienestar por largas filas para poder cobrar"},"content":{"rendered":"\n<p><strong>Jes\u00fas Utrilla \/ NV Noticias<\/strong><\/p>\n\n\n\n<p>Adultos mayores se quejaron de las filas para el cobro de la Pensi\u00f3n del Bienestar en la ciudad de Veracruz. Algunos manifestaron que tuvieron que dar doble vuelta para poder cobrar el martes.<\/p>\n\n\n\n<p>El se\u00f1or Javier L\u00f3pez se\u00f1al\u00f3 que que antes de acudir a la sucursal del centro de la ciudad de Veracruz acudi\u00f3 a la de Plaza Cristal, en D\u00edaz Mir\u00f3n, pero se encontr\u00f3 con una fila de dos cuadras.<\/p>\n\n\n\n<blockquote class=\"wp-block-quote is-layout-flow wp-block-quote-is-layout-flow\"><p>\u201c<em>Ayer me toc\u00f3 pero hab\u00eda mucha gente y se acab\u00f3 el dinero. Ahorita venimos otra vez. Hice doble vuelta, pasamos a Plaza Cristal pero la fila es de dos cuadras m\u00e1s o menos y pues ahorita voy a salir como a las 3 o 4 de la tarde<\/em>\u201d.<\/p><\/blockquote>\n\n\n\n<p>Los beneficiarios del programa solicitaron que se implemente un mecanismo que permita agilizar el proceso de cobro, ya que al tratarse de adultos mayores les cuesta trabajo permanecer por mucho tiempo de pie.<\/p>\n\n\n\n<p>Tambi\u00e9n que se eviten las aglomeraciones, ya que todav\u00eda se est\u00e1n cuidando de no contagiarse de COVID, y en otros casos acusaron que es com\u00fan que falle el cajero y tengan que esperar a que lo reparen.<\/p>\n\n\n\n<p>Adem\u00e1s, muchos acuden acompa\u00f1ados y no siempre hay quien pueda llevarlos a cobrar la pensi\u00f3n del bienestar, por lo que es importante que se agilice la atenci\u00f3n para ellos, y que se informe de una manera m\u00e1s eficiente sobre los d\u00edas de cobro, pues a pesar de que se da a conocer a trav\u00e9s de las redes sociales y otros medios, en ocasiones no se enteran a detalle y tienen que dar dos vueltas para poder cobrar.<\/p>\n\n\n\n<p>Cabe mencionar que ya se realiza el pago de la Pensi\u00f3n para el Bienestar de las personas adultas mayores con un incremento en el monto que recibir\u00e1n cada uno de los beneficiarios. Del 9 de Enero al 5 de Febrero se efectuar\u00e1n tambi\u00e9n&nbsp;&nbsp;los operativos de pago en efectivo.&nbsp;<\/p>\n","protected":false},"excerpt":{"rendered":"<p>Jes\u00fas Utrilla \/ NV Noticias Adultos mayores se quejaron de las filas para el cobro de la Pensi\u00f3n del Bienestar en la ciudad de Veracruz. Algunos manifestaron que tuvieron que dar doble vuelta para poder cobrar el martes. El se\u00f1or Javier L\u00f3pez se\u00f1al\u00f3 que que antes de acudir a la sucursal del centro de la [&hellip;]<\/p>\n","protected":false},"author":8,"featured_media":89610,"comment_status":"open","ping_status":"open","sticky":false,"template":"","format":"standard","meta":{"_monsterinsights_skip_tracking":false,"_monsterinsights_sitenote_active":false,"_monsterinsights_sitenote_note":"","_monsterinsights_sitenote_category":0,"footnotes":""},"categories":[154],"tags":[6835,1012],"class_list":["post-89609","post","type-post","status-publish","format-standard","has-post-thumbnail","hentry","category-veracruz","tag-bienestar","tag-pensionados","wp-image-borders"],"amp_enabled":true,"_links":{"self":[{"href":"https:\/\/nvnoticias.mx\/index.php\/wp-json\/wp\/v2\/posts\/89609","targetHints":{"allow":["GET"]}}],"collection":[{"href":"https:\/\/nvnoticias.mx\/index.php\/wp-json\/wp\/v2\/posts"}],"about":[{"href":"https:\/\/nvnoticias.mx\/index.php\/wp-json\/wp\/v2\/types\/post"}],"author":[{"embeddable":true,"href":"https:\/\/nvnoticias.mx\/index.php\/wp-json\/wp\/v2\/users\/8"}],"replies":[{"embeddable":true,"href":"https:\/\/nvnoticias.mx\/index.php\/wp-json\/wp\/v2\/comments?post=89609"}],"version-history":[{"count":1,"href":"https:\/\/nvnoticias.mx\/index.php\/wp-json\/wp\/v2\/posts\/89609\/revisions"}],"predecessor-version":[{"id":89611,"href":"https:\/\/nvnoticias.mx\/index.php\/wp-json\/wp\/v2\/posts\/89609\/revisions\/89611"}],"wp:featuredmedia":[{"embeddable":true,"href":"https:\/\/nvnoticias.mx\/index.php\/wp-json\/wp\/v2\/media\/89610"}],"wp:attachment":[{"href":"https:\/\/nvnoticias.mx\/index.php\/wp-json\/wp\/v2\/media?parent=89609"}],"wp:term":[{"taxonomy":"category","embeddable":true,"href":"https:\/\/nvnoticias.mx\/index.php\/wp-json\/wp\/v2\/categories?post=89609"},{"taxonomy":"post_tag","embeddable":true,"href":"https:\/\/nvnoticias.mx\/index.php\/wp-json\/wp\/v2\/tags?post=89609"}],"curies":[{"name":"wp","href":"https:\/\/api.w.org\/{rel}","templated":true}]}}