{"id":89543,"date":"2023-01-09T18:04:52","date_gmt":"2023-01-10T00:04:52","guid":{"rendered":"https:\/\/nvnoticias.mx\/?p=89543"},"modified":"2023-01-09T18:04:53","modified_gmt":"2023-01-10T00:04:53","slug":"peru-prohibe-ingreso-de-evo-morales-por-intervencion-a-politica-interna-del-pais","status":"publish","type":"post","link":"https:\/\/nvnoticias.mx\/index.php\/2023\/01\/09\/peru-prohibe-ingreso-de-evo-morales-por-intervencion-a-politica-interna-del-pais\/","title":{"rendered":"Per\u00fa proh\u00edbe ingreso de Evo Morales por intervenci\u00f3n a pol\u00edtica interna del Pa\u00eds"},"content":{"rendered":"\n<p>Per\u00fa prohibi\u00f3 el ingreso a su territorio del ex mandatario boliviano Evo Morales por &#8220;intervenir&#8221; en los asuntos de pol\u00edtica interna del pa\u00eds, sumido en una grave crisis institucional y pol\u00edtica salpicada de manifestaciones en varias regiones, inform\u00f3 este lunes el Ministerio del Interior.<\/p>\n\n\n\n<p>Morales, que durante la gesti\u00f3n de Pedro Castillo ingres\u00f3 varias veces a Per\u00fa, ha criticado fuertemente a Dina Boluarte, La mandataria enfrenta duras protestas, que han dejado 22 muertos por choques con la polic\u00eda y otros seis fallecidos en accidentes vinculados a bloqueos de carreteras.<\/p>\n\n\n\n<p>La semana pasada el ministro de Defensa de Per\u00fa, Jorge Ch\u00e1vez, afirm\u00f3 que seg\u00fan reportes de inteligencia se hab\u00eda detectado el ingreso de extranjeros, entre ellos bolivianos, que supuestamente est\u00e1n azuzando las protestas con planes &#8220;separatistas&#8221; en el pa\u00eds.<\/p>\n\n\n\n<p>En Per\u00fa, las protestas comenzaron despu\u00e9s del 7 de diciembre tras la destituci\u00f3n de Castillo, quien ahora cumple una prisi\u00f3n preventiva por 18 meses acusado de &#8220;rebeli\u00f3n&#8221; contra el Estado, algo que el ex mandatario izquierdista niega.<\/p>\n\n\n\n<p>Las manifestaciones, en las que se exige la renuncia de la Boluarte, el cierre del Congreso, un cambio de la Constituci\u00f3n y la liberaci\u00f3n de Castillo, se reactivaron la semana pasada tras una pausa por las fiestas de fin de a\u00f1o.<\/p>\n\n\n\n<p>Las protestas se han concentrado ahora en la regi\u00f3n de Puno, en la frontera con Bolivia, con bloqueos de v\u00edas y el comercio hacia el pa\u00eds antipl\u00e1nico, con fuertes choques con la polic\u00eda luego de que manifestantes intentaran tomar el aeropuerto de la ciudad.<\/p>\n\n\n\n<p>Fuente:<a href=\"https:\/\/www.milenio.com\/internacional\/peru-prohibe-ingreso-evo-morales-intervenir-politica-interna\"> Milenio<\/a><\/p>\n","protected":false},"excerpt":{"rendered":"<p>Per\u00fa prohibi\u00f3 el ingreso a su territorio del ex mandatario boliviano Evo Morales por &#8220;intervenir&#8221; en los asuntos de pol\u00edtica interna del pa\u00eds, sumido en una grave crisis institucional y pol\u00edtica salpicada de manifestaciones en varias regiones, inform\u00f3 este lunes el Ministerio del Interior. Morales, que durante la gesti\u00f3n de Pedro Castillo ingres\u00f3 varias veces [&hellip;]<\/p>\n","protected":false},"author":8,"featured_media":89544,"comment_status":"open","ping_status":"open","sticky":false,"template":"","format":"standard","meta":{"_monsterinsights_skip_tracking":false,"_monsterinsights_sitenote_active":false,"_monsterinsights_sitenote_note":"","_monsterinsights_sitenote_category":0,"footnotes":""},"categories":[181],"tags":[1925,6752,4602],"class_list":["post-89543","post","type-post","status-publish","format-standard","has-post-thumbnail","hentry","category-internacional","tag-bolivia","tag-evo-morales","tag-peru","wp-image-borders"],"amp_enabled":true,"_links":{"self":[{"href":"https:\/\/nvnoticias.mx\/index.php\/wp-json\/wp\/v2\/posts\/89543","targetHints":{"allow":["GET"]}}],"collection":[{"href":"https:\/\/nvnoticias.mx\/index.php\/wp-json\/wp\/v2\/posts"}],"about":[{"href":"https:\/\/nvnoticias.mx\/index.php\/wp-json\/wp\/v2\/types\/post"}],"author":[{"embeddable":true,"href":"https:\/\/nvnoticias.mx\/index.php\/wp-json\/wp\/v2\/users\/8"}],"replies":[{"embeddable":true,"href":"https:\/\/nvnoticias.mx\/index.php\/wp-json\/wp\/v2\/comments?post=89543"}],"version-history":[{"count":1,"href":"https:\/\/nvnoticias.mx\/index.php\/wp-json\/wp\/v2\/posts\/89543\/revisions"}],"predecessor-version":[{"id":89545,"href":"https:\/\/nvnoticias.mx\/index.php\/wp-json\/wp\/v2\/posts\/89543\/revisions\/89545"}],"wp:featuredmedia":[{"embeddable":true,"href":"https:\/\/nvnoticias.mx\/index.php\/wp-json\/wp\/v2\/media\/89544"}],"wp:attachment":[{"href":"https:\/\/nvnoticias.mx\/index.php\/wp-json\/wp\/v2\/media?parent=89543"}],"wp:term":[{"taxonomy":"category","embeddable":true,"href":"https:\/\/nvnoticias.mx\/index.php\/wp-json\/wp\/v2\/categories?post=89543"},{"taxonomy":"post_tag","embeddable":true,"href":"https:\/\/nvnoticias.mx\/index.php\/wp-json\/wp\/v2\/tags?post=89543"}],"curies":[{"name":"wp","href":"https:\/\/api.w.org\/{rel}","templated":true}]}}