{"id":89535,"date":"2023-01-09T16:49:30","date_gmt":"2023-01-09T22:49:30","guid":{"rendered":"https:\/\/nvnoticias.mx\/?p=89535"},"modified":"2023-01-09T16:49:32","modified_gmt":"2023-01-09T22:49:32","slug":"pone-bad-bunny-su-instagram-privado-y-lanza-mensaje","status":"publish","type":"post","link":"https:\/\/nvnoticias.mx\/index.php\/2023\/01\/09\/pone-bad-bunny-su-instagram-privado-y-lanza-mensaje\/","title":{"rendered":"Pone Bad Bunny su Instagram privado y lanza mensaje"},"content":{"rendered":"\n<p id=\"a-dias-de-recibir-fuertes-criticas-por-arrojar-el-celular-de-una-fanatica-al-agua-bad-bunny-restringio-su-cuenta-de-instagram\">A d\u00edas de recibir fuertes cr\u00edticas por arrojar el celular de una fan\u00e1tica al agua,&nbsp;<strong>Bad Bunny restringi\u00f3 su cuenta de Instagram<\/strong>.<\/p>\n\n\n\n<p>El cantante\u00a0<strong>Bad Bunny\u00a0<\/strong>cambi\u00f3 sus cuentas de redes sociales de p\u00fablicas a privadas y a\u00f1adi\u00f3 la frase &#8220;me van a extra\u00f1ar&#8221;, desatando las reacciones de sus seguidores.<\/p>\n\n\n\n<p>El conejo malo se ha mantenido alejado de las redes sociales luego del incidente en Rep\u00fablica Dominicana con una fan, el cual no fue bien recibido por sus millones de seguidores.<\/p>\n\n\n\n<p>Debido a esto, Bad Bunny se ha visto afectado en los listados musicales, donde las reproducciones de sus canciones han ca\u00eddo dr\u00e1sticamente.<\/p>\n\n\n\n<p>No est\u00e1 claro si la decisi\u00f3n del artista de alejarse de las redes sociales se debe a esta pol\u00e9mica, puesto que coincide con el retiro temporal que este anunci\u00f3 al terminar su \u00faltima gira.<\/p>\n\n\n\n<p>Fuente: <a href=\"https:\/\/observadorlatino.com\/noticias\/entretenimiento\/bad-bunny-restringio-instagram\/\" data-type=\"URL\" data-id=\"https:\/\/observadorlatino.com\/noticias\/entretenimiento\/bad-bunny-restringio-instagram\/\">Observador Latino<\/a><\/p>\n","protected":false},"excerpt":{"rendered":"<p>A d\u00edas de recibir fuertes cr\u00edticas por arrojar el celular de una fan\u00e1tica al agua,&nbsp;Bad Bunny restringi\u00f3 su cuenta de Instagram. El cantante\u00a0Bad Bunny\u00a0cambi\u00f3 sus cuentas de redes sociales de p\u00fablicas a privadas y a\u00f1adi\u00f3 la frase &#8220;me van a extra\u00f1ar&#8221;, desatando las reacciones de sus seguidores. El conejo malo se ha mantenido alejado de [&hellip;]<\/p>\n","protected":false},"author":35,"featured_media":51586,"comment_status":"open","ping_status":"open","sticky":false,"template":"","format":"standard","meta":{"_monsterinsights_skip_tracking":false,"_monsterinsights_sitenote_active":false,"_monsterinsights_sitenote_note":"","_monsterinsights_sitenote_category":0,"footnotes":""},"categories":[576],"tags":[6213,393,9405,7606,10230],"class_list":["post-89535","post","type-post","status-publish","format-standard","has-post-thumbnail","hentry","category-ocio","tag-bad-bunny","tag-instagram","tag-lanza","tag-mensaje","tag-privado","wp-image-borders"],"amp_enabled":true,"_links":{"self":[{"href":"https:\/\/nvnoticias.mx\/index.php\/wp-json\/wp\/v2\/posts\/89535","targetHints":{"allow":["GET"]}}],"collection":[{"href":"https:\/\/nvnoticias.mx\/index.php\/wp-json\/wp\/v2\/posts"}],"about":[{"href":"https:\/\/nvnoticias.mx\/index.php\/wp-json\/wp\/v2\/types\/post"}],"author":[{"embeddable":true,"href":"https:\/\/nvnoticias.mx\/index.php\/wp-json\/wp\/v2\/users\/35"}],"replies":[{"embeddable":true,"href":"https:\/\/nvnoticias.mx\/index.php\/wp-json\/wp\/v2\/comments?post=89535"}],"version-history":[{"count":1,"href":"https:\/\/nvnoticias.mx\/index.php\/wp-json\/wp\/v2\/posts\/89535\/revisions"}],"predecessor-version":[{"id":89536,"href":"https:\/\/nvnoticias.mx\/index.php\/wp-json\/wp\/v2\/posts\/89535\/revisions\/89536"}],"wp:featuredmedia":[{"embeddable":true,"href":"https:\/\/nvnoticias.mx\/index.php\/wp-json\/wp\/v2\/media\/51586"}],"wp:attachment":[{"href":"https:\/\/nvnoticias.mx\/index.php\/wp-json\/wp\/v2\/media?parent=89535"}],"wp:term":[{"taxonomy":"category","embeddable":true,"href":"https:\/\/nvnoticias.mx\/index.php\/wp-json\/wp\/v2\/categories?post=89535"},{"taxonomy":"post_tag","embeddable":true,"href":"https:\/\/nvnoticias.mx\/index.php\/wp-json\/wp\/v2\/tags?post=89535"}],"curies":[{"name":"wp","href":"https:\/\/api.w.org\/{rel}","templated":true}]}}