{"id":89517,"date":"2023-01-09T13:49:42","date_gmt":"2023-01-09T19:49:42","guid":{"rendered":"https:\/\/nvnoticias.mx\/?p=89517"},"modified":"2023-01-09T13:49:42","modified_gmt":"2023-01-09T19:49:42","slug":"la-lealtad-de-los-pobres","status":"publish","type":"post","link":"https:\/\/nvnoticias.mx\/index.php\/2023\/01\/09\/la-lealtad-de-los-pobres\/","title":{"rendered":"La lealtad de los pobres"},"content":{"rendered":"\n<p><strong>Ricardo Homs<\/strong><\/p>\n\n\n\n<p>Seguramente el presidente\u00a0L\u00f3pez Obrador\u00a0no dimension\u00f3 el alcance y profundidad de su declaraci\u00f3n respecto a la lealtad de los pobres.<\/p>\n\n\n\n<p>Espont\u00e1neamente, el mi\u00e9rcoles pasado el presidente defini\u00f3 durante la conferencia ma\u00f1anera que \u201cayudar a los pobres es ir a la segura, pues cuando se necesite defender a la transformaci\u00f3n, se contar\u00e1 con el apoyo de ellos\u201d. Y para que no quede duda, concluy\u00f3: \u201cEs una estrategia pol\u00edtica\u201d.<\/p>\n\n\n\n<p>Esta \u00faltima declaraci\u00f3n en boca del mismo presidente echa por tierra la visi\u00f3n humanista y generosa que nos quiere proyectar de su gobierno.<\/p>\n\n\n\n<p>Esta declaraci\u00f3n transmite importantes significados para entender la realidad cotidiana de nuestro pa\u00eds, pues define claramente los verdaderos objetivos de los programas de asistencia social, que para este gobierno son prioritarios.<\/p>\n\n\n\n<p>Es evidente que detr\u00e1s de esta estrategia pol\u00edtica, -reconocida por el presidente-, est\u00e1 el objetivo de generar agradecimiento que se traduzca en dependencia, que a su vez pueda capitalizarse en votos.<\/p>\n\n\n\n<p>Tenemos que reconocer que esta perversa visi\u00f3n de la seguridad social tiene m\u00e1s de cincuenta a\u00f1os, desde el gobierno del\u00a0presidente Echeverr\u00eda. Fue desarrollada despu\u00e9s por los gobiernos pri\u00edstas que le sucedieron, as\u00ed como por los\u00a0panistas Fox y Calder\u00f3n\u00a0que mantuvieron esta pol\u00edtica, hasta llegar a Pe\u00f1a Nieto.<\/p>\n\n\n\n<p>Esta ha sido la estrategia pol\u00edtica del Estado Mexicano para mantener a los pobres como una reserva electoral a favor del gobierno en turno.<\/p>\n\n\n\n<p>Por ello, -durante el pri\u00edsmo del siglo XX-, cuando se pretend\u00eda proteger a un posible candidato presidencial se le mandaba a encabezar la SEDESOL, -como hizo el presidente Salinas con\u00a0Lu\u00eds Donaldo Colosio-, quien despu\u00e9s de esta encomienda se convirti\u00f3 en el candidato presidencial del PRI.<\/p>\n\n\n\n<p>Sin embargo, lo que establece la gran diferencia entre el modelo anterior, -neoliberal-, y el de la&nbsp;<strong>4T,<\/strong>&nbsp;es precisamente el c\u00f3mo se instrumenta la pol\u00edtica asistencialista de los programas sociales.<\/p>\n\n\n\n<p>Los gobiernos anteriores realizaban las acciones asistencialistas de modo institucional y crearon toda una infraestructura organizacional para hacer eficiente la entrega de la ayuda gubernamental.<\/p>\n\n\n\n<p>En contraste, la gran diferencia entre ambos modelos de gobierno es que, -bajo el argumento de combatir la corrupci\u00f3n-, el&nbsp;<strong>presidente L\u00f3pez Obrador&nbsp;<\/strong>decidi\u00f3 desaparecer los programas institucionales y eliminar el modelo organizacional de entrega, a fin de hacer llegar el dinero directamente a los beneficiarios, sin intermediaci\u00f3n y de modo individualizado.<\/p>\n\n\n\n<p>De este modo desaparecieron las ayudas para las&nbsp;<strong>estancias infantiles&nbsp;<\/strong>y para las guarder\u00edas, para entonces entregar el dinero directamente a los pap\u00e1s, para que ellos cuiden a sus propios ni\u00f1os.<\/p>\n\n\n\n<p>De esta forma el dinero recibido parece ser atribuido directamente al presidente\u2026 y el agradecimiento tambi\u00e9n.<\/p>\n\n\n\n<p>La personalizaci\u00f3n de la ayuda asistencialista adquiere entonces un enfoque paternalista, que se vincula con la imagen de un caudillo que gobierna, todopoderoso y justiciero, que paga y premia la lealtad, pero tambi\u00e9n castiga la traici\u00f3n.<\/p>\n\n\n\n<p>Esta visi\u00f3n pol\u00edtica de la asistencia social tambi\u00e9n nos remite al modo en que desde el gobierno se trata el tema de la pobreza.<\/p>\n\n\n\n<p>Si bien durante el neoliberalismo el gobierno en turno sacaba beneficio de los programas sociales, lo hac\u00eda de modo indirecto e institucional.<\/p>\n\n\n\n<p>Por ello vemos que los&nbsp;<strong>gobiernos neoliberales<\/strong>&nbsp;estimularon la creaci\u00f3n y operaci\u00f3n de programas generadores de oportunidades laborales, as\u00ed como el apoyo al microempresario. El desarrollo de competencias laborales a trav\u00e9s de la capacitaci\u00f3n fue fundamental.<\/p>\n\n\n\n<p>En contraste, entendemos hoy, &#8211; con la declaraci\u00f3n del presidente del pasado mi\u00e9rcoles-, que la idealizaci\u00f3n de<strong>&nbsp;la pobreza y su dignificaci\u00f3n<\/strong>&nbsp;como un estado social deseable, lo \u00fanico que pretende es mantener los niveles de pobreza para generar control social y pol\u00edtico en el mayor n\u00famero posible de poblaci\u00f3n, a partir de asegurarles la sobrevivencia pero generando dependencia total del ciudadano respecto de las ayudas sociales, y con ello, tener garantizado el control del voto en las elecciones.<\/p>\n\n\n\n<p>Es importante definir que el verdadero uso de los programas asistenciales, -desde una visi\u00f3n \u00e9tica-, debiese ser temporal, excepto para quienes ya est\u00e1n incapacitados para participar en el mercado laboral, ya sea por la edad, -o por la salud-, como sucede en casi todo el mundo desarrollado.<\/p>\n\n\n\n<p>El objetivo real de los programas sociales debiese orientarse, -para el sector de poblaci\u00f3n que tiene potencial productivo-, hacia a la formaci\u00f3n y desarrollo de habilidades, a fin de impulsarles a lograr su crecimiento personal y de calidad de vida.<\/p>\n\n\n\n<p>A su vez, el gobierno debe convertirse en el promotor de oportunidades laborales que permitan a corto y mediano plazo, -a cada ciudadano-, alcanzar la&nbsp;<strong>autosuficiencia econ\u00f3mica<\/strong>&nbsp;para as\u00ed, ayudar a sus familias a transitar de la pobreza hacia la clase media.<\/p>\n\n\n\n<p>Anunciar que en este a\u00f1o que inicia se anticipar\u00e1 la entrega de las ayudas sociales para no interferir en los procesos electorales parece ser un distractor.<\/p>\n\n\n\n<p>Podr\u00edamos concluir que el objetivo de la&nbsp;<strong>4T<\/strong>&nbsp;es mantener a quienes hoy est\u00e1n en la pobreza, en su zona de confort, para as\u00ed ejercer control a partir de sus necesidades b\u00e1sicas de sobrevivencia.<\/p>\n\n\n\n<p>Por ello es evidente la animadversi\u00f3n manifiesta del presidente hacia la clase media, que por ser autosuficiente es exigente respecto a los resultados que se deben esperar de la administraci\u00f3n p\u00fablica.<\/p>\n\n\n\n<p>Ahora ya entendimos que un M\u00e9xico de pobres es el objetivo de la 4T, para mantenerse indefinidamente en el poder.<\/p>\n\n\n\n<p><strong>LA INFANCIA ROBADA<\/strong><\/p>\n\n\n\n<p>El video que circula en redes sociales, donde aparecen unos ni\u00f1os que con armas de juguete montaron un ret\u00e9n en una carretera y detienen a los automovilistas, en lugar de interpretarlo con simpat\u00eda infantil nos debiese llenar de gran preocupaci\u00f3n, pues nos describe como est\u00e1 permeando la narcocultura en la ni\u00f1ez.<\/p>\n\n\n\n<p>\u00bfEn cuanto tiempo m\u00e1s el crimen organizado los cooptar\u00e1 y les entregar\u00e1 armas de verdad para que se conviertan en sicarios y burlen la ley aprovechando los beneficios jur\u00eddicos de su edad?<\/p>\n\n\n\n<p>Este es el M\u00e9xico que no estamos viendo nacer.<\/p>\n\n\n\n<p>\u00bfA usted qu\u00e9 le parece? <\/p>\n\n\n\n<p><em>Facebook: @Ricardo.Homs1<br>Twitter: @homsricardo<br>Linkedin: Ricardo Homs<\/em><\/p>\n","protected":false},"excerpt":{"rendered":"<p>Ricardo Homs Seguramente el presidente\u00a0L\u00f3pez Obrador\u00a0no dimension\u00f3 el alcance y profundidad de su declaraci\u00f3n respecto a la lealtad de los pobres. Espont\u00e1neamente, el mi\u00e9rcoles pasado el presidente defini\u00f3 durante la conferencia ma\u00f1anera que \u201cayudar a los pobres es ir a la segura, pues cuando se necesite defender a la transformaci\u00f3n, se contar\u00e1 con el apoyo [&hellip;]<\/p>\n","protected":false},"author":18,"featured_media":89518,"comment_status":"open","ping_status":"open","sticky":false,"template":"","format":"standard","meta":{"_monsterinsights_skip_tracking":false,"_monsterinsights_sitenote_active":false,"_monsterinsights_sitenote_note":"","_monsterinsights_sitenote_category":0,"footnotes":""},"categories":[246],"tags":[173],"class_list":["post-89517","post","type-post","status-publish","format-standard","has-post-thumbnail","hentry","category-ricardo-homs","tag-ricardo-homs","wp-image-borders"],"amp_enabled":true,"_links":{"self":[{"href":"https:\/\/nvnoticias.mx\/index.php\/wp-json\/wp\/v2\/posts\/89517","targetHints":{"allow":["GET"]}}],"collection":[{"href":"https:\/\/nvnoticias.mx\/index.php\/wp-json\/wp\/v2\/posts"}],"about":[{"href":"https:\/\/nvnoticias.mx\/index.php\/wp-json\/wp\/v2\/types\/post"}],"author":[{"embeddable":true,"href":"https:\/\/nvnoticias.mx\/index.php\/wp-json\/wp\/v2\/users\/18"}],"replies":[{"embeddable":true,"href":"https:\/\/nvnoticias.mx\/index.php\/wp-json\/wp\/v2\/comments?post=89517"}],"version-history":[{"count":1,"href":"https:\/\/nvnoticias.mx\/index.php\/wp-json\/wp\/v2\/posts\/89517\/revisions"}],"predecessor-version":[{"id":89519,"href":"https:\/\/nvnoticias.mx\/index.php\/wp-json\/wp\/v2\/posts\/89517\/revisions\/89519"}],"wp:featuredmedia":[{"embeddable":true,"href":"https:\/\/nvnoticias.mx\/index.php\/wp-json\/wp\/v2\/media\/89518"}],"wp:attachment":[{"href":"https:\/\/nvnoticias.mx\/index.php\/wp-json\/wp\/v2\/media?parent=89517"}],"wp:term":[{"taxonomy":"category","embeddable":true,"href":"https:\/\/nvnoticias.mx\/index.php\/wp-json\/wp\/v2\/categories?post=89517"},{"taxonomy":"post_tag","embeddable":true,"href":"https:\/\/nvnoticias.mx\/index.php\/wp-json\/wp\/v2\/tags?post=89517"}],"curies":[{"name":"wp","href":"https:\/\/api.w.org\/{rel}","templated":true}]}}