{"id":89491,"date":"2023-01-09T12:58:16","date_gmt":"2023-01-09T18:58:16","guid":{"rendered":"https:\/\/nvnoticias.mx\/?p=89491"},"modified":"2023-01-09T12:58:16","modified_gmt":"2023-01-09T18:58:16","slug":"cancelan-construccion-de-10-ciudades-judiciales-en-la-entidad","status":"publish","type":"post","link":"https:\/\/nvnoticias.mx\/index.php\/2023\/01\/09\/cancelan-construccion-de-10-ciudades-judiciales-en-la-entidad\/","title":{"rendered":"Cancelan construcci\u00f3n de 10 ciudades judiciales en la entidad"},"content":{"rendered":"\n<p><strong>Sam Ojeda \/ NV Noticias<\/strong><\/p>\n\n\n\n<p>Xalapa.-El gobernador Cuitl\u00e1huac Garc\u00eda Jim\u00e9nez confirm\u00f3 que el Tribunal Superior de Justicia de Veracruz logr\u00f3 la cancelaci\u00f3n de 10 contratos para la construcci\u00f3n de igual numero de Ciudades judiciales.<\/p>\n\n\n\n<blockquote class=\"wp-block-quote is-layout-flow wp-block-quote-is-layout-flow\"><p>\u201c<em>Ese tema es del Poder Judicial y lo que hab\u00eda que hacer lo hicieron bien, que fue cancelar para evitar conflictos. Son 10 las ciudades judiciales que fueron canceladas<\/em>\u201d.<\/p><\/blockquote>\n\n\n\n<p>El mandatario record\u00f3 que se ten\u00eda que pagar 7 mil millones de pesos para la construcci\u00f3n de estos espacios, lo cual consider\u00f3 era imposible de pagar.<\/p>\n\n\n\n<blockquote class=\"wp-block-quote is-layout-flow wp-block-quote-is-layout-flow\"><p>\u201c<em>Ya no es la deuda que ten\u00edan, era una atrocidad, llegaron a t\u00e9rmino para pagarles y la ir\u00e1n pagando. Agradezco a los empresarios porque entendieron y ya est\u00e1n cerrados y cancelados, hay que aplaudir<\/em>\u201d, dijo. <\/p><\/blockquote>\n\n\n\n<p>En octubre pasado, la todav\u00eda magistrada presidenta del Tribunal Superior de Justicia (TSJ), Isabel In\u00e9s Romero Cruz, se\u00f1al\u00f3 su pretensi\u00f3n de cancelar la construcci\u00f3n de 12 ciudades judiciales al se\u00f1alar que el adeudo generaba una crisis financiera en este poder.<\/p>\n","protected":false},"excerpt":{"rendered":"<p>Sam Ojeda \/ NV Noticias Xalapa.-El gobernador Cuitl\u00e1huac Garc\u00eda Jim\u00e9nez confirm\u00f3 que el Tribunal Superior de Justicia de Veracruz logr\u00f3 la cancelaci\u00f3n de 10 contratos para la construcci\u00f3n de igual numero de Ciudades judiciales. \u201cEse tema es del Poder Judicial y lo que hab\u00eda que hacer lo hicieron bien, que fue cancelar para evitar conflictos. [&hellip;]<\/p>\n","protected":false},"author":8,"featured_media":89492,"comment_status":"open","ping_status":"open","sticky":false,"template":"","format":"standard","meta":{"_monsterinsights_skip_tracking":false,"_monsterinsights_sitenote_active":false,"_monsterinsights_sitenote_note":"","_monsterinsights_sitenote_category":0,"footnotes":""},"categories":[156],"tags":[3731,5262,2676],"class_list":["post-89491","post","type-post","status-publish","format-standard","has-post-thumbnail","hentry","category-estado","tag-cancelacion","tag-ciudades-judiciales","tag-construccion","wp-image-borders"],"amp_enabled":true,"_links":{"self":[{"href":"https:\/\/nvnoticias.mx\/index.php\/wp-json\/wp\/v2\/posts\/89491","targetHints":{"allow":["GET"]}}],"collection":[{"href":"https:\/\/nvnoticias.mx\/index.php\/wp-json\/wp\/v2\/posts"}],"about":[{"href":"https:\/\/nvnoticias.mx\/index.php\/wp-json\/wp\/v2\/types\/post"}],"author":[{"embeddable":true,"href":"https:\/\/nvnoticias.mx\/index.php\/wp-json\/wp\/v2\/users\/8"}],"replies":[{"embeddable":true,"href":"https:\/\/nvnoticias.mx\/index.php\/wp-json\/wp\/v2\/comments?post=89491"}],"version-history":[{"count":1,"href":"https:\/\/nvnoticias.mx\/index.php\/wp-json\/wp\/v2\/posts\/89491\/revisions"}],"predecessor-version":[{"id":89493,"href":"https:\/\/nvnoticias.mx\/index.php\/wp-json\/wp\/v2\/posts\/89491\/revisions\/89493"}],"wp:featuredmedia":[{"embeddable":true,"href":"https:\/\/nvnoticias.mx\/index.php\/wp-json\/wp\/v2\/media\/89492"}],"wp:attachment":[{"href":"https:\/\/nvnoticias.mx\/index.php\/wp-json\/wp\/v2\/media?parent=89491"}],"wp:term":[{"taxonomy":"category","embeddable":true,"href":"https:\/\/nvnoticias.mx\/index.php\/wp-json\/wp\/v2\/categories?post=89491"},{"taxonomy":"post_tag","embeddable":true,"href":"https:\/\/nvnoticias.mx\/index.php\/wp-json\/wp\/v2\/tags?post=89491"}],"curies":[{"name":"wp","href":"https:\/\/api.w.org\/{rel}","templated":true}]}}