{"id":89485,"date":"2023-01-09T12:45:16","date_gmt":"2023-01-09T18:45:16","guid":{"rendered":"https:\/\/nvnoticias.mx\/?p=89485"},"modified":"2023-01-09T12:45:18","modified_gmt":"2023-01-09T18:45:18","slug":"cuatro-arbitras-mexicanas-participaran-en-el-mundial-femenil-2023","status":"publish","type":"post","link":"https:\/\/nvnoticias.mx\/index.php\/2023\/01\/09\/cuatro-arbitras-mexicanas-participaran-en-el-mundial-femenil-2023\/","title":{"rendered":"Cuatro \u00e1rbitras mexicanas participar\u00e1n en el Mundial Femenil 2023"},"content":{"rendered":"\n<p>La\u00a0Comisi\u00f3n de \u00c1rbitros de la FIFA\u00a0dio a conocer este lunes\u00a0la lista de \u00e1rbitras\u00a0que fueron elegidas para participar en el\u00a0Mundial Femenil 2023, que se desarrollar\u00e1 en Australia y Nueva Zelanda,\u00a0entre las que destaca la presencia de\u00a0cuatro silbantes mexicanas\u00a0que estar\u00e1n presentes.<\/p>\n\n\n\n<p>Para la Copa Mundial Femenina las mexicanas que acudir\u00e1n son\u00a0Karen D\u00edaz, Sandra Ram\u00edrez, Enedina Caudillo y Katia Garc\u00eda.\u00a0La lista de jueces est\u00e1 conformada por\u00a0un total de 107 \u00e1rbitras\u00a0en las que se desglosan 33 centrales, 55 asistentes y 19 oficiales de VAR.<\/p>\n\n\n\n<p>D\u00edaz ya estuvo presente durante el Mundial Qatar 2022,\u00a0donde se desempe\u00f1\u00f3 como auxiliar y en esta ocasi\u00f3n repetir\u00e1 su labor como abanderada. Igualmente\u00a0Ram\u00edrez y Caudillo ser\u00e1n auxiliares,\u00a0mientras que Garc\u00eda es la \u00fanica central.<\/p>\n\n\n\n<p>Por otro lado, de acuerdo al\u00a0comunicado de la FIFA,\u00a0las silbantes fueron seleccionadas gracias a sus actuaciones en competencias nacionales e internacionales:<\/p>\n\n\n\n<blockquote class=\"wp-block-quote is-layout-flow wp-block-quote-is-layout-flow\"><p>&#8220;<em>Las \u00e1rbitras han sido elegidas en estrecha colaboraci\u00f3n con las seis confederaciones,\u00a0en funci\u00f3n de la calidad de las \u00e1rbitras y las actuaciones realizadas\u00a0en los torneos de la FIFA, as\u00ed como en otras competiciones nacionales e internacionales en los \u00faltimos a\u00f1os<\/em>&#8220;, comunic\u00f3 la federaci\u00f3n sobre el proceso de elecci\u00f3n.<\/p><\/blockquote>\n\n\n\n<p>El\u00a0Mundial Femenil 2023 iniciar\u00e1 el 20 de julio y concluir\u00e1 el 20 de agosto.\u00a0Tanto\u00a0Australia como Nueva Zelanda ser\u00e1n las sedes\u00a0para esta ocasi\u00f3n y\u00a0habr\u00e1 32 selecciones, donde los grupos ya fueron sorteados.\u00a0<\/p>\n\n\n\n<p>La Copa del Mundo de la FIFA ser\u00e1 hist\u00f3rica porque ser\u00e1 la primera de una edici\u00f3n femenil con VAR utilizado solamente por mujeres.<\/p>\n\n\n\n<p>Fuente: <a href=\"https:\/\/www.tudn.com\/futbol\/mundial-australia-nueva-zelanda-2023\/cuatro-arbitras-mexicanas-elegidas-para-mundial-femenil-2023\">TUDN<\/a><\/p>\n","protected":false},"excerpt":{"rendered":"<p>La\u00a0Comisi\u00f3n de \u00c1rbitros de la FIFA\u00a0dio a conocer este lunes\u00a0la lista de \u00e1rbitras\u00a0que fueron elegidas para participar en el\u00a0Mundial Femenil 2023, que se desarrollar\u00e1 en Australia y Nueva Zelanda,\u00a0entre las que destaca la presencia de\u00a0cuatro silbantes mexicanas\u00a0que estar\u00e1n presentes. Para la Copa Mundial Femenina las mexicanas que acudir\u00e1n son\u00a0Karen D\u00edaz, Sandra Ram\u00edrez, Enedina Caudillo y [&hellip;]<\/p>\n","protected":false},"author":8,"featured_media":55512,"comment_status":"open","ping_status":"open","sticky":false,"template":"","format":"standard","meta":{"_monsterinsights_skip_tracking":false,"_monsterinsights_sitenote_active":false,"_monsterinsights_sitenote_note":"","_monsterinsights_sitenote_category":0,"footnotes":""},"categories":[159],"tags":[22420,3099,4530,22421],"class_list":["post-89485","post","type-post","status-publish","format-standard","has-post-thumbnail","hentry","category-deportes","tag-arbitras-2","tag-fifa","tag-mexicanas","tag-mundial-femenil-2023","wp-image-borders"],"amp_enabled":true,"_links":{"self":[{"href":"https:\/\/nvnoticias.mx\/index.php\/wp-json\/wp\/v2\/posts\/89485","targetHints":{"allow":["GET"]}}],"collection":[{"href":"https:\/\/nvnoticias.mx\/index.php\/wp-json\/wp\/v2\/posts"}],"about":[{"href":"https:\/\/nvnoticias.mx\/index.php\/wp-json\/wp\/v2\/types\/post"}],"author":[{"embeddable":true,"href":"https:\/\/nvnoticias.mx\/index.php\/wp-json\/wp\/v2\/users\/8"}],"replies":[{"embeddable":true,"href":"https:\/\/nvnoticias.mx\/index.php\/wp-json\/wp\/v2\/comments?post=89485"}],"version-history":[{"count":1,"href":"https:\/\/nvnoticias.mx\/index.php\/wp-json\/wp\/v2\/posts\/89485\/revisions"}],"predecessor-version":[{"id":89487,"href":"https:\/\/nvnoticias.mx\/index.php\/wp-json\/wp\/v2\/posts\/89485\/revisions\/89487"}],"wp:featuredmedia":[{"embeddable":true,"href":"https:\/\/nvnoticias.mx\/index.php\/wp-json\/wp\/v2\/media\/55512"}],"wp:attachment":[{"href":"https:\/\/nvnoticias.mx\/index.php\/wp-json\/wp\/v2\/media?parent=89485"}],"wp:term":[{"taxonomy":"category","embeddable":true,"href":"https:\/\/nvnoticias.mx\/index.php\/wp-json\/wp\/v2\/categories?post=89485"},{"taxonomy":"post_tag","embeddable":true,"href":"https:\/\/nvnoticias.mx\/index.php\/wp-json\/wp\/v2\/tags?post=89485"}],"curies":[{"name":"wp","href":"https:\/\/api.w.org\/{rel}","templated":true}]}}