{"id":89477,"date":"2023-01-09T12:31:52","date_gmt":"2023-01-09T18:31:52","guid":{"rendered":"https:\/\/nvnoticias.mx\/?p=89477"},"modified":"2023-01-09T12:31:52","modified_gmt":"2023-01-09T18:31:52","slug":"aumentaran-los-cuartos-de-hotel-en-veracruz-y-boca-del-rio","status":"publish","type":"post","link":"https:\/\/nvnoticias.mx\/index.php\/2023\/01\/09\/aumentaran-los-cuartos-de-hotel-en-veracruz-y-boca-del-rio\/","title":{"rendered":"Aumentar\u00e1n los cuartos de hotel en Veracruz y Boca del R\u00edo"},"content":{"rendered":"\n<p><strong>Jes\u00fas Utrilla \/ NV Noticias<\/strong><\/p>\n\n\n\n<p>Durante 2022 subi\u00f3 de 1.4 a 2 noches la estancia promedio de los paseantes en Veracruz y Boca del R\u00edo, y se espera que el destino continu\u00e9 posicion\u00e1ndose en el \u00e1nimo de los paseantes nacionales e internacionales, se\u00f1al\u00f3 Santiago Caram\u00e9s Chaparro, presidente de la Asociaci\u00f3n de Hoteles y Moteles de Veracruz.<\/p>\n\n\n\n<p>Agreg\u00f3 que durante 2023 crecer\u00e1 la oferta hotelera en Veracruz; actualmente son 10 mil habitaciones.<\/p>\n\n\n\n<p>Incluso en el municipio de Boca del R\u00edo se est\u00e1 acabando un hotel aunque no especific\u00f3 cu\u00e1ntas habitaciones tendr\u00e1.<\/p>\n\n\n\n<p>Afirm\u00f3 que existen m\u00faltiples proyectos por desarrollar porque en pandemia varios no pudieron concretarse y apenas se pondr\u00e1n a andar.<\/p>\n\n\n\n<blockquote class=\"wp-block-quote is-layout-flow wp-block-quote-is-layout-flow\"><p>\u201c<em>Proyectos hay muchos que se podr\u00e1n dar. Antes de la pandemia ya sab\u00edamos de dos o tres proyectos que estaban por iniciar pero no se llevaron a cabo por la pandemia. Pero yo creo que en 2023 se dar\u00e1 el cas<\/em>o\u201d. <\/p><\/blockquote>\n\n\n\n<p>En la zona conurbada Veracruz- Boca del R\u00edo &#8211; Alvarado son cerca de 10 mil habitaciones y el representante hotelero afirm\u00f3 que existe apoyo de las autoridades municipales para que siga incrementando la oferta tur\u00edstica.<\/p>\n\n\n\n<p>Afirm\u00f3 que 2022 fue un a\u00f1o de estabilidad para los hoteles formales algo positivo al venir de dos a\u00f1os complicados.<\/p>\n\n\n\n<p>Destac\u00f3 que se retomaron los porcentajes acostumbrados de ocupaci\u00f3n e incluso sobrepasaron los de 2019. Aunado a ello la gente llega a estar mayor n\u00famero de noches en la zona.<\/p>\n\n\n\n<blockquote class=\"wp-block-quote is-layout-flow wp-block-quote-is-layout-flow\"><p>\u201c<em>La verdad es que la temporada decembrina fue muy buena y el reto para 2023 ser\u00e1 igualar 2022 y superarlo y la mejor forma es trabajar los organismos empresariales junto con los ayuntamientos<\/em>\u201d.<\/p><\/blockquote>\n\n\n\n<p>Llam\u00f3 a hablar bien de Veracruz y dar a conocer las bondades y la oferta del estado para que sea un mejor a\u00f1o para todos los sectores.<\/p>\n","protected":false},"excerpt":{"rendered":"<p>Jes\u00fas Utrilla \/ NV Noticias Durante 2022 subi\u00f3 de 1.4 a 2 noches la estancia promedio de los paseantes en Veracruz y Boca del R\u00edo, y se espera que el destino continu\u00e9 posicion\u00e1ndose en el \u00e1nimo de los paseantes nacionales e internacionales, se\u00f1al\u00f3 Santiago Caram\u00e9s Chaparro, presidente de la Asociaci\u00f3n de Hoteles y Moteles de [&hellip;]<\/p>\n","protected":false},"author":8,"featured_media":89478,"comment_status":"open","ping_status":"open","sticky":false,"template":"","format":"standard","meta":{"_monsterinsights_skip_tracking":false,"_monsterinsights_sitenote_active":false,"_monsterinsights_sitenote_note":"","_monsterinsights_sitenote_category":0,"footnotes":""},"categories":[154],"tags":[423,742,180],"class_list":["post-89477","post","type-post","status-publish","format-standard","has-post-thumbnail","hentry","category-veracruz","tag-boca-del-rio","tag-hoteles","tag-veracruz","wp-image-borders"],"amp_enabled":true,"_links":{"self":[{"href":"https:\/\/nvnoticias.mx\/index.php\/wp-json\/wp\/v2\/posts\/89477","targetHints":{"allow":["GET"]}}],"collection":[{"href":"https:\/\/nvnoticias.mx\/index.php\/wp-json\/wp\/v2\/posts"}],"about":[{"href":"https:\/\/nvnoticias.mx\/index.php\/wp-json\/wp\/v2\/types\/post"}],"author":[{"embeddable":true,"href":"https:\/\/nvnoticias.mx\/index.php\/wp-json\/wp\/v2\/users\/8"}],"replies":[{"embeddable":true,"href":"https:\/\/nvnoticias.mx\/index.php\/wp-json\/wp\/v2\/comments?post=89477"}],"version-history":[{"count":1,"href":"https:\/\/nvnoticias.mx\/index.php\/wp-json\/wp\/v2\/posts\/89477\/revisions"}],"predecessor-version":[{"id":89479,"href":"https:\/\/nvnoticias.mx\/index.php\/wp-json\/wp\/v2\/posts\/89477\/revisions\/89479"}],"wp:featuredmedia":[{"embeddable":true,"href":"https:\/\/nvnoticias.mx\/index.php\/wp-json\/wp\/v2\/media\/89478"}],"wp:attachment":[{"href":"https:\/\/nvnoticias.mx\/index.php\/wp-json\/wp\/v2\/media?parent=89477"}],"wp:term":[{"taxonomy":"category","embeddable":true,"href":"https:\/\/nvnoticias.mx\/index.php\/wp-json\/wp\/v2\/categories?post=89477"},{"taxonomy":"post_tag","embeddable":true,"href":"https:\/\/nvnoticias.mx\/index.php\/wp-json\/wp\/v2\/tags?post=89477"}],"curies":[{"name":"wp","href":"https:\/\/api.w.org\/{rel}","templated":true}]}}