{"id":89462,"date":"2023-01-09T11:57:41","date_gmt":"2023-01-09T17:57:41","guid":{"rendered":"https:\/\/nvnoticias.mx\/?p=89462"},"modified":"2023-01-09T11:57:42","modified_gmt":"2023-01-09T17:57:42","slug":"diferencias-en-t-mec-no-frenan-comercio-con-eu-y-canada-amlo","status":"publish","type":"post","link":"https:\/\/nvnoticias.mx\/index.php\/2023\/01\/09\/diferencias-en-t-mec-no-frenan-comercio-con-eu-y-canada-amlo\/","title":{"rendered":"Diferencias en T-MEC no frenan comercio con EU y Canad\u00e1: AMLO"},"content":{"rendered":"\n<p>Al se\u00f1alar que las diferencias con Estados Unidos y Canad\u00e1 son parte de la relaci\u00f3n trilateral, el presidente Andr\u00e9s Manuel L\u00f3pez Obrador asegur\u00f3 que \u00e9stas\u00a0no frenar\u00e1n la relaci\u00f3n comercial entre los pa\u00edses.<\/p>\n\n\n\n<p>En la\u00a0conferencia ma\u00f1anera\u00a0de Palacio Nacional, el mandatario mexicano confi\u00f3 en que, aun cuando existan estas diferencias, sus hom\u00f3logos, Joe Biden y Justin Trudeau, no van a defender \u201clo indefendible\u201d.<\/p>\n\n\n\n<blockquote class=\"wp-block-quote is-layout-flow wp-block-quote-is-layout-flow\"><p>\u201c<strong>No, eso es parte tambi\u00e9n de las relaciones que se tienen cuando se trata de acuerdos, de tratados&nbsp;<\/strong>y, adem\u00e1s, pues cuando no se quieren relaciones transparentes, limpias, honestas. Por ejemplo el caso de la industria el\u00e9ctrica, quienes dicen que M\u00e9xico no cumple, pues los que quer\u00edan hacer negocios sucios con las llamadas energ\u00edas limpias\u201d, se\u00f1al\u00f3.<\/p><\/blockquote>\n\n\n\n<p>Ayer, los empresarios de las naciones en Norteam\u00e9rica solicitaron a los gobiernos de los tres pa\u00edses de la zona que aceleren y trabajen en favor de una r\u00e1pida resoluci\u00f3n de los procesos de soluci\u00f3n de controversias\u00a0en el marco del Tratado de M\u00e9xico, Estados Unidos y Canad\u00e1 (T-MEC), lo cual incluye los temas en materia de energ\u00eda, reglas de origen del sector automotriz y cuotas arancelarias de productos l\u00e1cteos.<\/p>\n\n\n\n<p>En una carta firmada por el Consejo Coordinador Empresarial (CCE), U.S. Chamber of Commerce y la Business Council of Canad\u00e1, con motivo de la Cumbre de L\u00edderes de Norteam\u00e9rica en la Ciudad de M\u00e9xico,<strong>&nbsp;instaron a negociar, a trav\u00e9s del di\u00e1logo y la cooperaci\u00f3n, la soluci\u00f3n de otros retos actuales,<\/strong>&nbsp;como la posible prohibici\u00f3n del ma\u00edz modificado gen\u00e9ticamente, de manera que se evite que lleguen a procedimientos formales de soluci\u00f3n de controversias.<\/p>\n\n\n\n<p>No obstante el jefe del Ejecutivo federal asegur\u00f3 que los que se inconformaron con\u00a0pol\u00e9micas relacionadas con los vapeadores\u00a0o el consumo de ma\u00edz transg\u00e9nico es porque est\u00e1n pensando en el lucro y no en la salud de la poblaci\u00f3n.<\/p>\n\n\n\n<p>Sin embargo, asegur\u00f3 que\u00a0<strong>se est\u00e1 avanzando mucho en la relaci\u00f3n trilateral y es necesario fortalecer la integraci\u00f3n regional.<\/strong><\/p>\n\n\n\n<blockquote class=\"wp-block-quote is-layout-flow wp-block-quote-is-layout-flow\"><p>\u201cClaro que van a haber siempre esas diferencias, pero el presidente Biden, el primer ministro Trudeau, pues no van a defender eso, no se puede defender lo indefendible. Sin embargo, van a seguir opositores que quisieran que no fuesen buenas las relaciones, que se presentaran conflictos\u201d, agreg\u00f3.<\/p><\/blockquote>\n\n\n\n<p>Asimismo, insisti\u00f3 en la necesidad de\u00a0buscar la sustituci\u00f3n de importaciones\u00a0en el continente, respetando la soberan\u00eda de los pa\u00edses \u201csin injerencismos, sin prepotencia, sin hegemon\u00edas\u201d.<\/p>\n\n\n\n<p>Fuente: <a href=\"https:\/\/www.milenio.com\/politica\/diferencias-t-mec-frenan-comercio-eu-canada-amlo\" data-type=\"URL\" data-id=\"https:\/\/www.milenio.com\/politica\/diferencias-t-mec-frenan-comercio-eu-canada-amlo\">Milenio<\/a><\/p>\n","protected":false},"excerpt":{"rendered":"<p>Al se\u00f1alar que las diferencias con Estados Unidos y Canad\u00e1 son parte de la relaci\u00f3n trilateral, el presidente Andr\u00e9s Manuel L\u00f3pez Obrador asegur\u00f3 que \u00e9stas\u00a0no frenar\u00e1n la relaci\u00f3n comercial entre los pa\u00edses. En la\u00a0conferencia ma\u00f1anera\u00a0de Palacio Nacional, el mandatario mexicano confi\u00f3 en que, aun cuando existan estas diferencias, sus hom\u00f3logos, Joe Biden y Justin Trudeau, [&hellip;]<\/p>\n","protected":false},"author":35,"featured_media":64990,"comment_status":"open","ping_status":"open","sticky":false,"template":"","format":"standard","meta":{"_monsterinsights_skip_tracking":false,"_monsterinsights_sitenote_active":false,"_monsterinsights_sitenote_note":"","_monsterinsights_sitenote_category":0,"footnotes":""},"categories":[158],"tags":[887,1968,19684,183,22416,162,3163],"class_list":["post-89462","post","type-post","status-publish","format-standard","has-post-thumbnail","hentry","category-politica","tag-canada-2","tag-comercio","tag-diferencias","tag-estados-unidos","tag-no-frenan","tag-portada","tag-t-mec","wp-image-borders"],"amp_enabled":true,"_links":{"self":[{"href":"https:\/\/nvnoticias.mx\/index.php\/wp-json\/wp\/v2\/posts\/89462","targetHints":{"allow":["GET"]}}],"collection":[{"href":"https:\/\/nvnoticias.mx\/index.php\/wp-json\/wp\/v2\/posts"}],"about":[{"href":"https:\/\/nvnoticias.mx\/index.php\/wp-json\/wp\/v2\/types\/post"}],"author":[{"embeddable":true,"href":"https:\/\/nvnoticias.mx\/index.php\/wp-json\/wp\/v2\/users\/35"}],"replies":[{"embeddable":true,"href":"https:\/\/nvnoticias.mx\/index.php\/wp-json\/wp\/v2\/comments?post=89462"}],"version-history":[{"count":1,"href":"https:\/\/nvnoticias.mx\/index.php\/wp-json\/wp\/v2\/posts\/89462\/revisions"}],"predecessor-version":[{"id":89463,"href":"https:\/\/nvnoticias.mx\/index.php\/wp-json\/wp\/v2\/posts\/89462\/revisions\/89463"}],"wp:featuredmedia":[{"embeddable":true,"href":"https:\/\/nvnoticias.mx\/index.php\/wp-json\/wp\/v2\/media\/64990"}],"wp:attachment":[{"href":"https:\/\/nvnoticias.mx\/index.php\/wp-json\/wp\/v2\/media?parent=89462"}],"wp:term":[{"taxonomy":"category","embeddable":true,"href":"https:\/\/nvnoticias.mx\/index.php\/wp-json\/wp\/v2\/categories?post=89462"},{"taxonomy":"post_tag","embeddable":true,"href":"https:\/\/nvnoticias.mx\/index.php\/wp-json\/wp\/v2\/tags?post=89462"}],"curies":[{"name":"wp","href":"https:\/\/api.w.org\/{rel}","templated":true}]}}