{"id":89453,"date":"2023-01-09T10:54:14","date_gmt":"2023-01-09T16:54:14","guid":{"rendered":"https:\/\/nvnoticias.mx\/?p=89453"},"modified":"2023-01-09T10:54:15","modified_gmt":"2023-01-09T16:54:15","slug":"regresan-a-clases-371-mil-650-estudiantes-de-3-mil-744-escuelas-de-la-region","status":"publish","type":"post","link":"https:\/\/nvnoticias.mx\/index.php\/2023\/01\/09\/regresan-a-clases-371-mil-650-estudiantes-de-3-mil-744-escuelas-de-la-region\/","title":{"rendered":"Regresan a clases 371 mil 650 estudiantes de 3 mil 744 escuelas de la regi\u00f3n"},"content":{"rendered":"\n<p><strong>Jes\u00fas Utrilla | NV Noticias<\/strong><\/p>\n\n\n\n<p>Para continuar con el ciclo escolar \u202a2022-2023\u202c este lunes las 20 mil 471 escuelas del estado reabrieron sus puertas para recibir a un mill\u00f3n 349 mil 290 alumnos y 87 mil maestros.<\/p>\n\n\n\n<p>En el caso de la regi\u00f3n Veracruz que comprende 25 municipios entre ellos Veracruz y Boca del R\u00edo volvieron a clases desde las primeras horas del lunes regresaron a las aulas 371 mil 650 estudiantes de 3 mil 744 escuelas y 25 mil 704 docentes.<\/p>\n\n\n\n<p>Cabe mencionar que en las inmediaciones de los planteles educativos se llev\u00f3 a cabo un operativo vial para facilitar la llegada de los estudiantes y prevenir embotellamientos, pero sobre todo accidentes.<\/p>\n\n\n\n<p>Luego de disfrutar de la vacaciones decembrinas nuevamente se levantaron temprano para cumplir con el calendario escolar.<\/p>\n\n\n\n<p>Algunos llegaron a las carreras, justo cuando estaban por cerrar la entrada de la escuela, y es que se les hizo tarde.<\/p>\n\n\n\n<blockquote class=\"wp-block-quote is-layout-flow wp-block-quote-is-layout-flow\"><p>\u201cLa verdad me cost\u00f3 mucho. Ya hab\u00edan cerrado, sino meten reporte. El cami\u00f3n se tard\u00f3 hay mucho tr\u00e1fico\u201d, coment\u00f3 una madre de familia.<\/p><\/blockquote>\n\n\n\n<p>Desde muy temprano las calles reportaron alto tr\u00e1fico vehicular y se implement\u00f3 en las inmediaciones de las zonas escolares un operativo para prevenir accidentes y apoyar a los padres de familia y sus hijos a tener un arribo seguro a la escuela.<\/p>\n","protected":false},"excerpt":{"rendered":"<p>Jes\u00fas Utrilla | NV Noticias Para continuar con el ciclo escolar \u202a2022-2023\u202c este lunes las 20 mil 471 escuelas del estado reabrieron sus puertas para recibir a un mill\u00f3n 349 mil 290 alumnos y 87 mil maestros. En el caso de la regi\u00f3n Veracruz que comprende 25 municipios entre ellos Veracruz y Boca del R\u00edo [&hellip;]<\/p>\n","protected":false},"author":35,"featured_media":89454,"comment_status":"open","ping_status":"open","sticky":false,"template":"","format":"standard","meta":{"_monsterinsights_skip_tracking":false,"_monsterinsights_sitenote_active":false,"_monsterinsights_sitenote_note":"","_monsterinsights_sitenote_category":0,"footnotes":""},"categories":[154],"tags":[1632,659,277,11371],"class_list":["post-89453","post","type-post","status-publish","format-standard","has-post-thumbnail","hentry","category-veracruz","tag-clases","tag-escuelas","tag-estudiantes","tag-regresan","wp-image-borders"],"amp_enabled":true,"_links":{"self":[{"href":"https:\/\/nvnoticias.mx\/index.php\/wp-json\/wp\/v2\/posts\/89453","targetHints":{"allow":["GET"]}}],"collection":[{"href":"https:\/\/nvnoticias.mx\/index.php\/wp-json\/wp\/v2\/posts"}],"about":[{"href":"https:\/\/nvnoticias.mx\/index.php\/wp-json\/wp\/v2\/types\/post"}],"author":[{"embeddable":true,"href":"https:\/\/nvnoticias.mx\/index.php\/wp-json\/wp\/v2\/users\/35"}],"replies":[{"embeddable":true,"href":"https:\/\/nvnoticias.mx\/index.php\/wp-json\/wp\/v2\/comments?post=89453"}],"version-history":[{"count":1,"href":"https:\/\/nvnoticias.mx\/index.php\/wp-json\/wp\/v2\/posts\/89453\/revisions"}],"predecessor-version":[{"id":89455,"href":"https:\/\/nvnoticias.mx\/index.php\/wp-json\/wp\/v2\/posts\/89453\/revisions\/89455"}],"wp:featuredmedia":[{"embeddable":true,"href":"https:\/\/nvnoticias.mx\/index.php\/wp-json\/wp\/v2\/media\/89454"}],"wp:attachment":[{"href":"https:\/\/nvnoticias.mx\/index.php\/wp-json\/wp\/v2\/media?parent=89453"}],"wp:term":[{"taxonomy":"category","embeddable":true,"href":"https:\/\/nvnoticias.mx\/index.php\/wp-json\/wp\/v2\/categories?post=89453"},{"taxonomy":"post_tag","embeddable":true,"href":"https:\/\/nvnoticias.mx\/index.php\/wp-json\/wp\/v2\/tags?post=89453"}],"curies":[{"name":"wp","href":"https:\/\/api.w.org\/{rel}","templated":true}]}}