{"id":89309,"date":"2023-01-07T15:42:32","date_gmt":"2023-01-07T21:42:32","guid":{"rendered":"https:\/\/nvnoticias.mx\/?p=89309"},"modified":"2023-01-07T15:42:33","modified_gmt":"2023-01-07T21:42:33","slug":"avanzan-investigaciones-de-los-hechos-violentos-de-poza-rica-hay-ocho-detenidos","status":"publish","type":"post","link":"https:\/\/nvnoticias.mx\/index.php\/2023\/01\/07\/avanzan-investigaciones-de-los-hechos-violentos-de-poza-rica-hay-ocho-detenidos\/","title":{"rendered":"Avanzan investigaciones de los hechos violentos de  Poza Rica; hay ocho detenidos"},"content":{"rendered":"\n<p><strong>Jes\u00fas Utrilla | NV Noticias<\/strong><\/p>\n\n\n\n<p>Van ocho detenidos por la ejecuci\u00f3n de personas en Poza Rica, inform\u00f3 el Secretario de Gobierno, Eric Cisneros Burgos. Dijo que se trat\u00f3 del enfrentamiento interno de un grupo delincuencial que se dedica al narcomenudeo, sin embargo, en el estado no se permitir\u00e1 ese tipo de hechos.&nbsp;<\/p>\n\n\n\n<p>Explic\u00f3 que el grupo se dividi\u00f3 y eso ocasion\u00f3 que ambos grupos enfrentaron.&nbsp;<\/p>\n\n\n\n<blockquote class=\"wp-block-quote is-layout-flow wp-block-quote-is-layout-flow\"><p>\u201cHay un mensaje muy claro desde el estado de que no vamos a permitir ese tipo de hechos suceden en ninguna parte del territorio veracruzano y estamos trabajando muy fuerte porque la divisi\u00f3n de ese grupo presuntamente atiende al narcomenudo y consumo de droga entre j\u00f3venes\u201d.<\/p><\/blockquote>\n\n\n\n<p>Afirm\u00f3 que el Gobierno Estatal a trav\u00e9s de la Secretar\u00eda de Seguridad P\u00fablica mantiene coordinaci\u00f3n con la Secretar\u00eda de la Defensa Nacional, la Secretar\u00eda de Marina y la Guardia Nacional, pues se tiene una reuni\u00f3n permanente todos los d\u00edas.<\/p>\n\n\n\n<p>Por dicha coordinaci\u00f3n en Veracruz bajaron los \u00edndices delictivos incluso los secuestros se mantienen a la baja.<\/p>\n\n\n\n<blockquote class=\"wp-block-quote is-layout-flow wp-block-quote-is-layout-flow\"><p>\u201cLas bandas son las mismas pero se van dividiendo pero pertenecen a los mismos grupos que van en detrimento y la base de ese grupo se divide y forma otro pero ya no hay l\u00edderes que tengan influencia\u201d.\u00a0<\/p><\/blockquote>\n\n\n\n<p>Asimismo se\u00f1al\u00f3 que la Fiscal\u00eda General de la Rep\u00fablica investiga la quema del mural de la zona arqueol\u00f3gica de El Taj\u00edn. El mural se encuentra en la zona del Taj\u00edn Chico, el edificio I fue el que sufri\u00f3 las afectaciones.<\/p>\n","protected":false},"excerpt":{"rendered":"<p>Jes\u00fas Utrilla | NV Noticias Van ocho detenidos por la ejecuci\u00f3n de personas en Poza Rica, inform\u00f3 el Secretario de Gobierno, Eric Cisneros Burgos. Dijo que se trat\u00f3 del enfrentamiento interno de un grupo delincuencial que se dedica al narcomenudeo, sin embargo, en el estado no se permitir\u00e1 ese tipo de hechos.&nbsp; Explic\u00f3 que el [&hellip;]<\/p>\n","protected":false},"author":35,"featured_media":89310,"comment_status":"open","ping_status":"open","sticky":false,"template":"","format":"standard","meta":{"_monsterinsights_skip_tracking":false,"_monsterinsights_sitenote_active":false,"_monsterinsights_sitenote_note":"","_monsterinsights_sitenote_category":0,"footnotes":""},"categories":[154],"tags":[9121,788,15284,3328,2419,5051],"class_list":["post-89309","post","type-post","status-publish","format-standard","has-post-thumbnail","hentry","category-veracruz","tag-avanzan","tag-detenidos","tag-hechos","tag-investigaciones","tag-poza-rica","tag-violentos","wp-image-borders"],"amp_enabled":true,"_links":{"self":[{"href":"https:\/\/nvnoticias.mx\/index.php\/wp-json\/wp\/v2\/posts\/89309","targetHints":{"allow":["GET"]}}],"collection":[{"href":"https:\/\/nvnoticias.mx\/index.php\/wp-json\/wp\/v2\/posts"}],"about":[{"href":"https:\/\/nvnoticias.mx\/index.php\/wp-json\/wp\/v2\/types\/post"}],"author":[{"embeddable":true,"href":"https:\/\/nvnoticias.mx\/index.php\/wp-json\/wp\/v2\/users\/35"}],"replies":[{"embeddable":true,"href":"https:\/\/nvnoticias.mx\/index.php\/wp-json\/wp\/v2\/comments?post=89309"}],"version-history":[{"count":1,"href":"https:\/\/nvnoticias.mx\/index.php\/wp-json\/wp\/v2\/posts\/89309\/revisions"}],"predecessor-version":[{"id":89311,"href":"https:\/\/nvnoticias.mx\/index.php\/wp-json\/wp\/v2\/posts\/89309\/revisions\/89311"}],"wp:featuredmedia":[{"embeddable":true,"href":"https:\/\/nvnoticias.mx\/index.php\/wp-json\/wp\/v2\/media\/89310"}],"wp:attachment":[{"href":"https:\/\/nvnoticias.mx\/index.php\/wp-json\/wp\/v2\/media?parent=89309"}],"wp:term":[{"taxonomy":"category","embeddable":true,"href":"https:\/\/nvnoticias.mx\/index.php\/wp-json\/wp\/v2\/categories?post=89309"},{"taxonomy":"post_tag","embeddable":true,"href":"https:\/\/nvnoticias.mx\/index.php\/wp-json\/wp\/v2\/tags?post=89309"}],"curies":[{"name":"wp","href":"https:\/\/api.w.org\/{rel}","templated":true}]}}