{"id":89200,"date":"2023-01-06T14:40:14","date_gmt":"2023-01-06T20:40:14","guid":{"rendered":"https:\/\/nvnoticias.mx\/?p=89200"},"modified":"2023-01-06T14:40:14","modified_gmt":"2023-01-06T20:40:14","slug":"suman-11-detenidos-por-homicidios-en-poza-rica","status":"publish","type":"post","link":"https:\/\/nvnoticias.mx\/index.php\/2023\/01\/06\/suman-11-detenidos-por-homicidios-en-poza-rica\/","title":{"rendered":"Suman 11 detenidos por homicidios en Poza Rica"},"content":{"rendered":"\n<p><strong>Sam Ojeda\u00a0\/ NV Noticias<\/strong><\/p>\n\n\n\n<p>Xalapa.- El gobernador Cuitl\u00e1huac Garc\u00eda Jim\u00e9nez inform\u00f3 que se elev\u00f3 a 11 el n\u00fameros de personas detenidas por su presunta participaci\u00f3n en los ocho homicidios registrados en Poza Rica y Coatzintla durante el fin de semana pasado.<\/p>\n\n\n\n<p>Tras la reuni\u00f3n de la mesa de Coordinaci\u00f3n Estatal para la Construcci\u00f3n de la Paz,\u00a0 dio a conocer que un juez ya legaliz\u00f3 la detenci\u00f3n de siete de los presuntos responsables.<\/p>\n\n\n\n<blockquote class=\"wp-block-quote is-layout-flow wp-block-quote-is-layout-flow\"><p>\u201c<em>Hasta el momento van ya 11 detenidos en la regi\u00f3n de Poza Rica, 7 de los presuntos responsables han iniciado su proceso judicial una vez que un juez ha legalizado su detenci\u00f3n<\/em>\u201d<\/p><\/blockquote>\n\n\n\n<p>Entre los 11 detenidos hay cuatro que hac\u00edan actividades il\u00edcitas conocidas como \u201chalconeo\u201d tambi\u00e9n se han puesto ante la justicia.&nbsp;<\/p>\n\n\n\n<p>Agreg\u00f3 que en la regi\u00f3n de C\u00f3rdoba a Yanga, han implementado un operativo adicional a fin de dar con los responsables de los \u00faltimos hechos delictivos.<\/p>\n","protected":false},"excerpt":{"rendered":"<p>Sam Ojeda\u00a0\/ NV Noticias Xalapa.- El gobernador Cuitl\u00e1huac Garc\u00eda Jim\u00e9nez inform\u00f3 que se elev\u00f3 a 11 el n\u00fameros de personas detenidas por su presunta participaci\u00f3n en los ocho homicidios registrados en Poza Rica y Coatzintla durante el fin de semana pasado. Tras la reuni\u00f3n de la mesa de Coordinaci\u00f3n Estatal para la Construcci\u00f3n de la [&hellip;]<\/p>\n","protected":false},"author":8,"featured_media":84463,"comment_status":"open","ping_status":"open","sticky":false,"template":"","format":"standard","meta":{"_monsterinsights_skip_tracking":false,"_monsterinsights_sitenote_active":false,"_monsterinsights_sitenote_note":"","_monsterinsights_sitenote_category":0,"footnotes":""},"categories":[156],"tags":[788,215,2419],"class_list":["post-89200","post","type-post","status-publish","format-standard","has-post-thumbnail","hentry","category-estado","tag-detenidos","tag-homicidios","tag-poza-rica","wp-image-borders"],"amp_enabled":true,"_links":{"self":[{"href":"https:\/\/nvnoticias.mx\/index.php\/wp-json\/wp\/v2\/posts\/89200","targetHints":{"allow":["GET"]}}],"collection":[{"href":"https:\/\/nvnoticias.mx\/index.php\/wp-json\/wp\/v2\/posts"}],"about":[{"href":"https:\/\/nvnoticias.mx\/index.php\/wp-json\/wp\/v2\/types\/post"}],"author":[{"embeddable":true,"href":"https:\/\/nvnoticias.mx\/index.php\/wp-json\/wp\/v2\/users\/8"}],"replies":[{"embeddable":true,"href":"https:\/\/nvnoticias.mx\/index.php\/wp-json\/wp\/v2\/comments?post=89200"}],"version-history":[{"count":1,"href":"https:\/\/nvnoticias.mx\/index.php\/wp-json\/wp\/v2\/posts\/89200\/revisions"}],"predecessor-version":[{"id":89201,"href":"https:\/\/nvnoticias.mx\/index.php\/wp-json\/wp\/v2\/posts\/89200\/revisions\/89201"}],"wp:featuredmedia":[{"embeddable":true,"href":"https:\/\/nvnoticias.mx\/index.php\/wp-json\/wp\/v2\/media\/84463"}],"wp:attachment":[{"href":"https:\/\/nvnoticias.mx\/index.php\/wp-json\/wp\/v2\/media?parent=89200"}],"wp:term":[{"taxonomy":"category","embeddable":true,"href":"https:\/\/nvnoticias.mx\/index.php\/wp-json\/wp\/v2\/categories?post=89200"},{"taxonomy":"post_tag","embeddable":true,"href":"https:\/\/nvnoticias.mx\/index.php\/wp-json\/wp\/v2\/tags?post=89200"}],"curies":[{"name":"wp","href":"https:\/\/api.w.org\/{rel}","templated":true}]}}