{"id":89165,"date":"2023-01-06T12:10:28","date_gmt":"2023-01-06T18:10:28","guid":{"rendered":"https:\/\/nvnoticias.mx\/?p=89165"},"modified":"2023-01-06T12:10:29","modified_gmt":"2023-01-06T18:10:29","slug":"conmemoran-el-108-aniversario-de-la-promulgacion-de-la-ley-agraria","status":"publish","type":"post","link":"https:\/\/nvnoticias.mx\/index.php\/2023\/01\/06\/conmemoran-el-108-aniversario-de-la-promulgacion-de-la-ley-agraria\/","title":{"rendered":"Conmemoran el 108 aniversario de la Promulgaci\u00f3n de la Ley Agraria"},"content":{"rendered":"\n<p><strong>Jes\u00fas Utrilla \/ NV Noticias<\/strong><\/p>\n\n\n\n<p>Productores de todo el pa\u00eds conmemoraron el 108 aniversario de la Promulgaci\u00f3n de la Ley Agraria de 1915.<\/p>\n\n\n\n<p>Amadeo Hern\u00e1ndez Barajas del Congreso Agrario Federal, acus\u00f3 que en cuatro a\u00f1os el gobierno no manifest\u00f3 voluntad de mejorar el presupuesto y este a\u00f1o en las comunidades, en el ejido, en la parcela siguen esperando un mejor presupuesto de vivienda, de maquinaria, de fertilizantes y semilla para mejorar las condiciones de vida de los campesinos.<\/p>\n\n\n\n<p>Tambi\u00e9n dijo que persiste el abandono del campo, hay inseguridad, faltan apoyos, tecnificaci\u00f3n, entre otros.<\/p>\n\n\n\n<blockquote class=\"wp-block-quote is-layout-flow wp-block-quote-is-layout-flow\"><p>\u201c<em>Est\u00e1 plasmado en la ley agraria los juicios orales pero est\u00e1n desmantelados los tribunales y con pocos recursos econ\u00f3micos para poder dar tan solo la copia de la audiencia a la persona de la comunidad que viene del lugar m\u00e1s apartado a una audiencia del tribunal<\/em>\u201d.\u00a0<\/p><\/blockquote>\n\n\n\n<p>Por su parte Manuel Guerrero S\u00e1nchez, presidente de la Liga de Comunidades Agrarias, dijo que la lucha por la tierra siempre ha sido una constante en el desarrollo de la tierra y los pueblos, ante las injusticias en diversos segmentos de la sociedad, particularmente entre los m\u00e1s desprotegidos.<\/p>\n\n\n\n<blockquote class=\"wp-block-quote is-layout-flow wp-block-quote-is-layout-flow\"><p>\u201c<em>Hablar del campo es un tema que nos lastima, a\u00fan cuando la reforma dej\u00f3 cimientos para la impartici\u00f3n de justicia agraria, hoy nos enfrentamos a serios esfuerzos por buscar el apoyo de nuestra gente<\/em>\u201d.\u00a0<\/p><\/blockquote>\n\n\n\n<p>El evento se realiz\u00f3 en la explanada del monumento a Venustiano Carranza, en el<\/p>\n\n\n\n<p>Malec\u00f3n de Veracruz.<\/p>\n","protected":false},"excerpt":{"rendered":"<p>Jes\u00fas Utrilla \/ NV Noticias Productores de todo el pa\u00eds conmemoraron el 108 aniversario de la Promulgaci\u00f3n de la Ley Agraria de 1915. Amadeo Hern\u00e1ndez Barajas del Congreso Agrario Federal, acus\u00f3 que en cuatro a\u00f1os el gobierno no manifest\u00f3 voluntad de mejorar el presupuesto y este a\u00f1o en las comunidades, en el ejido, en la [&hellip;]<\/p>\n","protected":false},"author":8,"featured_media":89166,"comment_status":"open","ping_status":"open","sticky":false,"template":"","format":"standard","meta":{"_monsterinsights_skip_tracking":false,"_monsterinsights_sitenote_active":false,"_monsterinsights_sitenote_note":"","_monsterinsights_sitenote_category":0,"footnotes":""},"categories":[154],"tags":[3044,22344],"class_list":["post-89165","post","type-post","status-publish","format-standard","has-post-thumbnail","hentry","category-veracruz","tag-aniversario","tag-ley-agraria","wp-image-borders"],"amp_enabled":true,"_links":{"self":[{"href":"https:\/\/nvnoticias.mx\/index.php\/wp-json\/wp\/v2\/posts\/89165","targetHints":{"allow":["GET"]}}],"collection":[{"href":"https:\/\/nvnoticias.mx\/index.php\/wp-json\/wp\/v2\/posts"}],"about":[{"href":"https:\/\/nvnoticias.mx\/index.php\/wp-json\/wp\/v2\/types\/post"}],"author":[{"embeddable":true,"href":"https:\/\/nvnoticias.mx\/index.php\/wp-json\/wp\/v2\/users\/8"}],"replies":[{"embeddable":true,"href":"https:\/\/nvnoticias.mx\/index.php\/wp-json\/wp\/v2\/comments?post=89165"}],"version-history":[{"count":1,"href":"https:\/\/nvnoticias.mx\/index.php\/wp-json\/wp\/v2\/posts\/89165\/revisions"}],"predecessor-version":[{"id":89167,"href":"https:\/\/nvnoticias.mx\/index.php\/wp-json\/wp\/v2\/posts\/89165\/revisions\/89167"}],"wp:featuredmedia":[{"embeddable":true,"href":"https:\/\/nvnoticias.mx\/index.php\/wp-json\/wp\/v2\/media\/89166"}],"wp:attachment":[{"href":"https:\/\/nvnoticias.mx\/index.php\/wp-json\/wp\/v2\/media?parent=89165"}],"wp:term":[{"taxonomy":"category","embeddable":true,"href":"https:\/\/nvnoticias.mx\/index.php\/wp-json\/wp\/v2\/categories?post=89165"},{"taxonomy":"post_tag","embeddable":true,"href":"https:\/\/nvnoticias.mx\/index.php\/wp-json\/wp\/v2\/tags?post=89165"}],"curies":[{"name":"wp","href":"https:\/\/api.w.org\/{rel}","templated":true}]}}