{"id":89131,"date":"2023-01-06T10:37:49","date_gmt":"2023-01-06T16:37:49","guid":{"rendered":"https:\/\/nvnoticias.mx\/?p=89131"},"modified":"2023-01-06T10:37:50","modified_gmt":"2023-01-06T16:37:50","slug":"tractor-de-cabalgata-de-reyes-magos-arrolla-a-cinco-personas-en-espana","status":"publish","type":"post","link":"https:\/\/nvnoticias.mx\/index.php\/2023\/01\/06\/tractor-de-cabalgata-de-reyes-magos-arrolla-a-cinco-personas-en-espana\/","title":{"rendered":"Tractor de cabalgata de Reyes Magos arrolla a cinco personas en Espa\u00f1a"},"content":{"rendered":"\n<p>Una mujer falleci\u00f3 este jueves y otras cinco personas han resultado heridas de diversa consideraci\u00f3n, entre ellas un ni\u00f1o de dos a\u00f1os, al ser arrolladas por el tractor de una\u00a0cabalgata de\u00a0Reyes Magos\u00a0en la localidad sevillana de Marchena, en Espa\u00f1a.<\/p>\n\n\n\n<p>Seg\u00fan ha informado Emergencias 112 Andaluc\u00eda, el ni\u00f1o fue llevado al Hospital Infantil Virgen del Roc\u00edo de Sevilla, y la otra persona herida grave, de edad avanzada, ha sido trasladada a Traumatolog\u00eda del mismo centro hospitalario. Los otros tres afectados leves son atendidos en un centro sanitario de Osuna.<\/p>\n\n\n\n<p>El suceso se produjo sobre las 20:15 horas, cuando los vecinos han alertado al centro de coordinaci\u00f3n de que uno de los tractores que participaba en el cortejo de los Reyes Magos hab\u00edan\u00a0arrollado a varias personas\u00a0al circular cuesta abajo por causas que se investigan. Posteriormente ha chocado contra una pared en la plaza de san Andr\u00e9s.<\/p>\n\n\n\n<p>Efectivos de Polic\u00eda Local, Guardia Civil, Bomberos de la Diputaci\u00f3n y el Centro de Emergencias Sanitarias 061, perteneciente al Servicio Andaluz de Salud, han intervenido en el lugar, tras ser alertados por el 112.<\/p>\n\n\n\n<p>El 061 EBVI\u00d3 dos equipos de emergencia y dos ambulancias del Servicio Andaluz de Salud.\u00a0<\/p>\n\n\n\n<p>Fuente: <strong><a href=\"https:\/\/www.eluniversal.com.mx\/mundo\/tractor-de-cabalgata-de-reyes-magos-arrolla-cinco-personas-en-espana-hay-un-muerto\">El Universal<\/a><\/strong><\/p>\n","protected":false},"excerpt":{"rendered":"<p>Una mujer falleci\u00f3 este jueves y otras cinco personas han resultado heridas de diversa consideraci\u00f3n, entre ellas un ni\u00f1o de dos a\u00f1os, al ser arrolladas por el tractor de una\u00a0cabalgata de\u00a0Reyes Magos\u00a0en la localidad sevillana de Marchena, en Espa\u00f1a. Seg\u00fan ha informado Emergencias 112 Andaluc\u00eda, el ni\u00f1o fue llevado al Hospital Infantil Virgen del Roc\u00edo [&hellip;]<\/p>\n","protected":false},"author":8,"featured_media":89132,"comment_status":"open","ping_status":"open","sticky":false,"template":"","format":"standard","meta":{"_monsterinsights_skip_tracking":false,"_monsterinsights_sitenote_active":false,"_monsterinsights_sitenote_note":"","_monsterinsights_sitenote_category":0,"footnotes":""},"categories":[181],"tags":[22335,593,8414,22334],"class_list":["post-89131","post","type-post","status-publish","format-standard","has-post-thumbnail","hentry","category-internacional","tag-cabalgata","tag-espana","tag-reyes-magos","tag-tractor","wp-image-borders"],"amp_enabled":true,"_links":{"self":[{"href":"https:\/\/nvnoticias.mx\/index.php\/wp-json\/wp\/v2\/posts\/89131","targetHints":{"allow":["GET"]}}],"collection":[{"href":"https:\/\/nvnoticias.mx\/index.php\/wp-json\/wp\/v2\/posts"}],"about":[{"href":"https:\/\/nvnoticias.mx\/index.php\/wp-json\/wp\/v2\/types\/post"}],"author":[{"embeddable":true,"href":"https:\/\/nvnoticias.mx\/index.php\/wp-json\/wp\/v2\/users\/8"}],"replies":[{"embeddable":true,"href":"https:\/\/nvnoticias.mx\/index.php\/wp-json\/wp\/v2\/comments?post=89131"}],"version-history":[{"count":1,"href":"https:\/\/nvnoticias.mx\/index.php\/wp-json\/wp\/v2\/posts\/89131\/revisions"}],"predecessor-version":[{"id":89133,"href":"https:\/\/nvnoticias.mx\/index.php\/wp-json\/wp\/v2\/posts\/89131\/revisions\/89133"}],"wp:featuredmedia":[{"embeddable":true,"href":"https:\/\/nvnoticias.mx\/index.php\/wp-json\/wp\/v2\/media\/89132"}],"wp:attachment":[{"href":"https:\/\/nvnoticias.mx\/index.php\/wp-json\/wp\/v2\/media?parent=89131"}],"wp:term":[{"taxonomy":"category","embeddable":true,"href":"https:\/\/nvnoticias.mx\/index.php\/wp-json\/wp\/v2\/categories?post=89131"},{"taxonomy":"post_tag","embeddable":true,"href":"https:\/\/nvnoticias.mx\/index.php\/wp-json\/wp\/v2\/tags?post=89131"}],"curies":[{"name":"wp","href":"https:\/\/api.w.org\/{rel}","templated":true}]}}