{"id":89113,"date":"2023-01-06T09:44:36","date_gmt":"2023-01-06T15:44:36","guid":{"rendered":"https:\/\/nvnoticias.mx\/?p=89113"},"modified":"2023-01-06T09:44:37","modified_gmt":"2023-01-06T15:44:37","slug":"confirma-ebrard-que-amlo-recibira-en-el-aifa-a-biden-y-a-trudeau","status":"publish","type":"post","link":"https:\/\/nvnoticias.mx\/index.php\/2023\/01\/06\/confirma-ebrard-que-amlo-recibira-en-el-aifa-a-biden-y-a-trudeau\/","title":{"rendered":"Confirma Ebrard que AMLO recibir\u00e1 en el AIFA a Biden y a Trudeau"},"content":{"rendered":"\n<p>El canciller&nbsp;<strong>Marcelo Ebrard<\/strong>&nbsp;inform\u00f3 que el pr\u00f3ximo domingo, a las 18:30 horas, el presidente Andr\u00e9s Manuel L\u00f3pez Obrador recibir\u00e1 en el Aeropuerto Internacional Felipe \u00c1ngeles (<strong>AIFA<\/strong>) a su hom\u00f3logo de&nbsp;<strong>Estados Unidos<\/strong>,&nbsp;<strong>Joe Biden<\/strong>, para participar en la X Cumbre de L\u00edderes de America del Norte&nbsp;<\/p>\n\n\n\n<p>En conferencia de prensa matutina, el titular de la Secretar\u00eda de Relaciones Exteriores (SRE), detall\u00f3 que el lunes 9 de enero, a las 14:40, el mandatario federal recibir\u00e1 tambi\u00e9n en el AIFA al primer ministro de Canad\u00e1,&nbsp;<strong>Justin Trudeau<\/strong>.<\/p>\n\n\n\n<blockquote class=\"wp-block-quote is-layout-flow wp-block-quote-is-layout-flow\"><p>\u201cComo informamos el d\u00eda de ayer, el arribo del presidente Biden a M\u00e9xico est\u00e1 programado para el d\u00eda domingo, 6:30 de la tarde en el Aeropuerto Felipe Angeles, recibe el se\u00f1or preside de la Rep\u00fablica, el licenciado Andr\u00e9s Manuel L\u00f3pez Obrador. Eso es por lo que hace el d\u00eda domingo.&nbsp;<\/p><\/blockquote>\n\n\n\n<blockquote class=\"wp-block-quote is-layout-flow wp-block-quote-is-layout-flow\"><p>\u201cEl lunes tenemos programado el arribo del primer ministro Trudeau a M\u00e9xico al aeropuerto Felipe \u00c1ngeles, a las 14:40 horas, tambi\u00e9n recibir\u00e1 el presidente de M\u00e9xico, el licenciado Lopez Obrador\u201d, indic\u00f3 Ebrard Casaubon.<\/p><\/blockquote>\n\n\n\n<p>En Palacio Nacional, el canciller detall\u00f3 que para el d\u00eda lunes 9 de enero, el presidente estadounidense, Joe Biden, llegar\u00e1 a Palacio Nacional a las 16:15 horas, donde ser\u00e1 recibido por el presidente L\u00f3pez Obrador para sostener una reuni\u00f3n bilateral.<\/p>\n\n\n\n<p>Indic\u00f3 que 15 minutos m\u00e1s tarde, se tomar\u00e1n la foto oficial y posteriormente se reun\u00edan para conversar. A las 17:00 horas se realizar\u00e1 la reuni\u00f3n bilateral entre M\u00e9xico y Estados Unidos, la cual se planea que termine a las 18:30 horas.<\/p>\n\n\n\n<p>Cinco minutos m\u00e1s tarde, se prev\u00e9 que llegue a\u00a0<strong>Palacio Nacional\u00a0<\/strong>el primer ministro de\u00a0<strong>Canad\u00e1<\/strong>, Justin Trudeau en compa\u00f1\u00eda de su esposa, y despu\u00e9s de un breve saludo entre mandatarios y esposas\u00a0<strong>se llevar\u00e1 a cabo una cena<\/strong>\u00a0que ofrecer\u00e1 el presidente L\u00f3pez Obrador a los dos mandatarios la cual se prev\u00e9 que termine a las 20:30 horas.<\/p>\n\n\n\n<p>En tanto que el martes 10 de enero, detall\u00f3, se realizar\u00e1n los trabajo de la&nbsp;<strong>X Cumbre de L\u00edderes de Am\u00e9rica del Norte<\/strong>&nbsp;con un mensaje a medios a las 15:30 horas en el Patio Central. El presidente Biden se retirar\u00e1 20 minutos despu\u00e9s y posteriormente la salida de Trudeau ser\u00e1 las 16:00 horas.<\/p>\n\n\n\n<p>Marcelo Ebrard indic\u00f3 que el mi\u00e9rcoles 11 de enero se tendr\u00e1 el encuentro bilateral entre el presidente L\u00f3pez Obrador y el primer ministro de Canad\u00e1.<\/p>\n\n\n\n<p>Detall\u00f3 que se firmar\u00e1 un memorando de entendimiento muy significativo entre el Instituto Nacional de Pueblos Ind\u00edgenas y el organismo equivalente canadiense,\u00a0 que \u201ctiene que ver con pueblos originarios, dado que es una alta prioridad tanto del presidente L\u00f3pez Obrador como del primer ministro Trudeau\u201d.<\/p>\n\n\n\n<p>Fuente: <a href=\"https:\/\/www.eluniversal.com.mx\/nacion\/amlo-recibira-en-el-aifa-biden-y-trudeau-confirma-ebrard\" data-type=\"URL\" data-id=\"https:\/\/www.eluniversal.com.mx\/nacion\/amlo-recibira-en-el-aifa-biden-y-trudeau-confirma-ebrard\">El Universal<\/a><\/p>\n","protected":false},"excerpt":{"rendered":"<p>El canciller&nbsp;Marcelo Ebrard&nbsp;inform\u00f3 que el pr\u00f3ximo domingo, a las 18:30 horas, el presidente Andr\u00e9s Manuel L\u00f3pez Obrador recibir\u00e1 en el Aeropuerto Internacional Felipe \u00c1ngeles (AIFA) a su hom\u00f3logo de&nbsp;Estados Unidos,&nbsp;Joe Biden, para participar en la X Cumbre de L\u00edderes de America del Norte&nbsp; En conferencia de prensa matutina, el titular de la Secretar\u00eda de Relaciones [&hellip;]<\/p>\n","protected":false},"author":35,"featured_media":63151,"comment_status":"open","ping_status":"open","sticky":false,"template":"","format":"standard","meta":{"_monsterinsights_skip_tracking":false,"_monsterinsights_sitenote_active":false,"_monsterinsights_sitenote_note":"","_monsterinsights_sitenote_category":0,"footnotes":""},"categories":[157],"tags":[6165,188,182,2859,391,162,11854],"class_list":["post-89113","post","type-post","status-publish","format-standard","has-post-thumbnail","hentry","category-nacional","tag-aifa","tag-amlo","tag-joe-biden","tag-justin-trudeau","tag-marcelo-ebrard","tag-portada","tag-recibira","wp-image-borders"],"amp_enabled":true,"_links":{"self":[{"href":"https:\/\/nvnoticias.mx\/index.php\/wp-json\/wp\/v2\/posts\/89113","targetHints":{"allow":["GET"]}}],"collection":[{"href":"https:\/\/nvnoticias.mx\/index.php\/wp-json\/wp\/v2\/posts"}],"about":[{"href":"https:\/\/nvnoticias.mx\/index.php\/wp-json\/wp\/v2\/types\/post"}],"author":[{"embeddable":true,"href":"https:\/\/nvnoticias.mx\/index.php\/wp-json\/wp\/v2\/users\/35"}],"replies":[{"embeddable":true,"href":"https:\/\/nvnoticias.mx\/index.php\/wp-json\/wp\/v2\/comments?post=89113"}],"version-history":[{"count":6,"href":"https:\/\/nvnoticias.mx\/index.php\/wp-json\/wp\/v2\/posts\/89113\/revisions"}],"predecessor-version":[{"id":89119,"href":"https:\/\/nvnoticias.mx\/index.php\/wp-json\/wp\/v2\/posts\/89113\/revisions\/89119"}],"wp:featuredmedia":[{"embeddable":true,"href":"https:\/\/nvnoticias.mx\/index.php\/wp-json\/wp\/v2\/media\/63151"}],"wp:attachment":[{"href":"https:\/\/nvnoticias.mx\/index.php\/wp-json\/wp\/v2\/media?parent=89113"}],"wp:term":[{"taxonomy":"category","embeddable":true,"href":"https:\/\/nvnoticias.mx\/index.php\/wp-json\/wp\/v2\/categories?post=89113"},{"taxonomy":"post_tag","embeddable":true,"href":"https:\/\/nvnoticias.mx\/index.php\/wp-json\/wp\/v2\/tags?post=89113"}],"curies":[{"name":"wp","href":"https:\/\/api.w.org\/{rel}","templated":true}]}}