{"id":89078,"date":"2023-01-05T15:24:19","date_gmt":"2023-01-05T21:24:19","guid":{"rendered":"https:\/\/nvnoticias.mx\/?p=89078"},"modified":"2023-01-05T15:24:21","modified_gmt":"2023-01-05T21:24:21","slug":"comparte-jeremy-renner-un-nuevo-video-con-su-familia-desde-terapia-intensiva","status":"publish","type":"post","link":"https:\/\/nvnoticias.mx\/index.php\/2023\/01\/05\/comparte-jeremy-renner-un-nuevo-video-con-su-familia-desde-terapia-intensiva\/","title":{"rendered":"Comparte Jeremy Renner un nuevo video con su familia desde terapia intensiva"},"content":{"rendered":"\n<p>D\u00edas despu\u00e9s de que el actor de\u00a0<em>Avengers<\/em>\u00a0fuera hospitalizado por lesiones causadas tras ser atropellado por un quitanieves, \u00e9l les dio a los fan\u00e1ticos un vistazo de su viaje de recuperaci\u00f3n. <\/p>\n\n\n\n<p>En un video desde la UCI publicado en sus Historias de Instagram, Renner, vestido con una bata de hospital, un gorro de ba\u00f1o y una m\u00e1scara de ox\u00edgeno, y su hermana se r\u00eden juntos mientras ella le masajea la cabeza. \u00c9l bromea diciendo que es su &#8220;primera ducha en definitivamente [una] semana&#8221;, y agrega, &#8220;Asqueroso&#8221;.<\/p>\n\n\n\n<blockquote class=\"wp-block-quote is-layout-flow wp-block-quote-is-layout-flow\"><p>&#8220;MOMENTO DE SPA EN LA UCI PARA LEVANTAR MI ESP\u00cdRITU&#8221;, escribi\u00f3 la estrella de\u00a0<em>Hawkeye<\/em>\u00a0en el video del 5 de enero. &#8220;Gracias mam\u00e1&#8230; Gracias hermana&#8230; Gracias a todos&#8230; Por su amor&#8221;.<\/p><\/blockquote>\n\n\n\n<p>El video, que Renner, de 51 a\u00f1os, tambi\u00e9n public\u00f3 en Twitter, tambi\u00e9n muestra a su madre junto a su cama. En el tuit, escribi\u00f3, &#8220;Un D\u00cdA &#8216;no tan bueno&#8217; en la UCI, se convirti\u00f3 en un incre\u00edble d\u00eda de spa con mi hermana y mi mam\u00e1. Muchas gracias&#8221;.<\/p>\n\n\n\n<p>El 1\u00ba de enero, Renner sufri\u00f3 un traumatismo tor\u00e1cico cerrado y lesiones ortop\u00e9dicas despu\u00e9s de ser atropellado por un quitanieves en su propiedad en Reno, Nevada, y luego se someti\u00f3 a una cirug\u00eda, seg\u00fan dijo su representante a varios medios.<\/p>\n\n\n\n<p>El portavoz le dijo a&nbsp;<em>People<\/em>&nbsp;el 3 de enero que Renner result\u00f3 herido despu\u00e9s de &#8220;mover la nieve de su entrada el domingo para que los miembros de su familia pudieran salir de su casa despu\u00e9s de pasar el A\u00f1o Nuevo juntos&#8221;.<\/p>\n\n\n\n<p>El representante agreg\u00f3 que el actor de\u00a0<em>The Town<\/em>\u00a0tambi\u00e9n hab\u00eda estado &#8220;ayudando a limpiar la nieve de la casa de su vecino, ya que todos all\u00ed hab\u00edan estado sin electricidad durante 24 horas y hubo una gran nevada&#8221;.<\/p>\n\n\n\n<blockquote class=\"twitter-tweet\"><p lang=\"en\" dir=\"ltr\">A \u201cnot no great\u201d ICU DAY, turned to amazing spa day with my sis and mama\u2764\ufe0f. Thank you sooooo much <a href=\"https:\/\/t.co\/pvu1aWeEXY\">pic.twitter.com\/pvu1aWeEXY<\/a><\/p>&mdash; Jeremy Renner (@JeremyRenner) <a href=\"https:\/\/twitter.com\/JeremyRenner\/status\/1610994850907971585?ref_src=twsrc%5Etfw\">January 5, 2023<\/a><\/blockquote> <script async src=\"https:\/\/platform.twitter.com\/widgets.js\" charset=\"utf-8\"><\/script>\n\n\n\n<p>Fuente: <a href=\"https:\/\/www.eonline.com\/mx\/news\/1360295\/jeremy-renner-comparte-un-nuevo-video-con-su-familia-desde-terapia-intensiva\" data-type=\"URL\" data-id=\"https:\/\/www.eonline.com\/mx\/news\/1360295\/jeremy-renner-comparte-un-nuevo-video-con-su-familia-desde-terapia-intensiva\">E!<\/a><\/p>\n","protected":false},"excerpt":{"rendered":"<p>D\u00edas despu\u00e9s de que el actor de\u00a0Avengers\u00a0fuera hospitalizado por lesiones causadas tras ser atropellado por un quitanieves, \u00e9l les dio a los fan\u00e1ticos un vistazo de su viaje de recuperaci\u00f3n. En un video desde la UCI publicado en sus Historias de Instagram, Renner, vestido con una bata de hospital, un gorro de ba\u00f1o y una [&hellip;]<\/p>\n","protected":false},"author":35,"featured_media":88678,"comment_status":"open","ping_status":"open","sticky":false,"template":"","format":"standard","meta":{"_monsterinsights_skip_tracking":false,"_monsterinsights_sitenote_active":false,"_monsterinsights_sitenote_note":"","_monsterinsights_sitenote_category":0,"footnotes":""},"categories":[576],"tags":[10834,2909,22330,22253,9489,147],"class_list":["post-89078","post","type-post","status-publish","format-standard","has-post-thumbnail","hentry","category-ocio","tag-comparte","tag-familia","tag-intensiva","tag-jeremy-renner","tag-terapia","tag-video","wp-image-borders"],"amp_enabled":true,"_links":{"self":[{"href":"https:\/\/nvnoticias.mx\/index.php\/wp-json\/wp\/v2\/posts\/89078","targetHints":{"allow":["GET"]}}],"collection":[{"href":"https:\/\/nvnoticias.mx\/index.php\/wp-json\/wp\/v2\/posts"}],"about":[{"href":"https:\/\/nvnoticias.mx\/index.php\/wp-json\/wp\/v2\/types\/post"}],"author":[{"embeddable":true,"href":"https:\/\/nvnoticias.mx\/index.php\/wp-json\/wp\/v2\/users\/35"}],"replies":[{"embeddable":true,"href":"https:\/\/nvnoticias.mx\/index.php\/wp-json\/wp\/v2\/comments?post=89078"}],"version-history":[{"count":1,"href":"https:\/\/nvnoticias.mx\/index.php\/wp-json\/wp\/v2\/posts\/89078\/revisions"}],"predecessor-version":[{"id":89079,"href":"https:\/\/nvnoticias.mx\/index.php\/wp-json\/wp\/v2\/posts\/89078\/revisions\/89079"}],"wp:featuredmedia":[{"embeddable":true,"href":"https:\/\/nvnoticias.mx\/index.php\/wp-json\/wp\/v2\/media\/88678"}],"wp:attachment":[{"href":"https:\/\/nvnoticias.mx\/index.php\/wp-json\/wp\/v2\/media?parent=89078"}],"wp:term":[{"taxonomy":"category","embeddable":true,"href":"https:\/\/nvnoticias.mx\/index.php\/wp-json\/wp\/v2\/categories?post=89078"},{"taxonomy":"post_tag","embeddable":true,"href":"https:\/\/nvnoticias.mx\/index.php\/wp-json\/wp\/v2\/tags?post=89078"}],"curies":[{"name":"wp","href":"https:\/\/api.w.org\/{rel}","templated":true}]}}