{"id":89074,"date":"2023-01-05T15:00:34","date_gmt":"2023-01-05T21:00:34","guid":{"rendered":"https:\/\/nvnoticias.mx\/?p=89074"},"modified":"2023-01-05T15:00:35","modified_gmt":"2023-01-05T21:00:35","slug":"seguira-el-desabasto-de-vehiculos-y-camiones-pesados","status":"publish","type":"post","link":"https:\/\/nvnoticias.mx\/index.php\/2023\/01\/05\/seguira-el-desabasto-de-vehiculos-y-camiones-pesados\/","title":{"rendered":"Seguir\u00e1 el desabasto de veh\u00edculos y camiones pesados"},"content":{"rendered":"\n<p><strong>Jes\u00fas Utrilla \/ NV Noticias<\/strong><\/p>\n\n\n\n<p>Adem\u00e1s de semiconductores hay escasez de llantas, loderas, faros y parrillas. Alejandro G\u00f3mez Barquin, integrante de la Asociaci\u00f3n Mexicana de Distribuidores de Automotores (AMDA) se\u00f1al\u00f3 que por esa situaci\u00f3n persistir\u00e1 el desabasto de inventarios en las agencias de autos. <\/p>\n\n\n\n<p>Insisti\u00f3 que en los primeros meses del 2023 seguir\u00e1 el desabasto de productos para la rama automotriz y los automovilistas continuar\u00e1n esperando para obtener la unidad deseada. Tambi\u00e9n hay desabasto de unidades pesadas, el mercado de M\u00e9xico vendi\u00f3 el a\u00f1o pasado 38 mil camiones y se espera vender este a\u00f1o 41 mil. <\/p>\n\n\n\n<blockquote class=\"wp-block-quote is-layout-flow wp-block-quote-is-layout-flow\"><p>\u201c<em>El inventario se fue todo, tanto lo que ten\u00edan los distribuidores como lo que ten\u00edan las plantas armadoras, las financieras, los nuevos, los usados, se desplaz\u00f3 todo por la necesidad de mover a M\u00e9xico, de cumplir la log\u00edstica y de cumplir con contratos con los clientes y se fue todo el inventario<\/em>\u201d.<\/p><\/blockquote>\n\n\n\n<p>Admiti\u00f3 que persiste una lista de espera en los empresas distribuidoras de autom\u00f3viles porque no hay inventarios. Tambi\u00e9n hay clientes a la espera desde el a\u00f1o pasado de veh\u00edculos pesados.<\/p>\n","protected":false},"excerpt":{"rendered":"<p>Jes\u00fas Utrilla \/ NV Noticias Adem\u00e1s de semiconductores hay escasez de llantas, loderas, faros y parrillas. Alejandro G\u00f3mez Barquin, integrante de la Asociaci\u00f3n Mexicana de Distribuidores de Automotores (AMDA) se\u00f1al\u00f3 que por esa situaci\u00f3n persistir\u00e1 el desabasto de inventarios en las agencias de autos. Insisti\u00f3 que en los primeros meses del 2023 seguir\u00e1 el desabasto [&hellip;]<\/p>\n","protected":false},"author":8,"featured_media":69415,"comment_status":"open","ping_status":"open","sticky":false,"template":"","format":"standard","meta":{"_monsterinsights_skip_tracking":false,"_monsterinsights_sitenote_active":false,"_monsterinsights_sitenote_note":"","_monsterinsights_sitenote_category":0,"footnotes":""},"categories":[154],"tags":[13300,1535,4793],"class_list":["post-89074","post","type-post","status-publish","format-standard","has-post-thumbnail","hentry","category-veracruz","tag-camiones","tag-desabasto","tag-vehiculos","wp-image-borders"],"amp_enabled":true,"_links":{"self":[{"href":"https:\/\/nvnoticias.mx\/index.php\/wp-json\/wp\/v2\/posts\/89074","targetHints":{"allow":["GET"]}}],"collection":[{"href":"https:\/\/nvnoticias.mx\/index.php\/wp-json\/wp\/v2\/posts"}],"about":[{"href":"https:\/\/nvnoticias.mx\/index.php\/wp-json\/wp\/v2\/types\/post"}],"author":[{"embeddable":true,"href":"https:\/\/nvnoticias.mx\/index.php\/wp-json\/wp\/v2\/users\/8"}],"replies":[{"embeddable":true,"href":"https:\/\/nvnoticias.mx\/index.php\/wp-json\/wp\/v2\/comments?post=89074"}],"version-history":[{"count":1,"href":"https:\/\/nvnoticias.mx\/index.php\/wp-json\/wp\/v2\/posts\/89074\/revisions"}],"predecessor-version":[{"id":89075,"href":"https:\/\/nvnoticias.mx\/index.php\/wp-json\/wp\/v2\/posts\/89074\/revisions\/89075"}],"wp:featuredmedia":[{"embeddable":true,"href":"https:\/\/nvnoticias.mx\/index.php\/wp-json\/wp\/v2\/media\/69415"}],"wp:attachment":[{"href":"https:\/\/nvnoticias.mx\/index.php\/wp-json\/wp\/v2\/media?parent=89074"}],"wp:term":[{"taxonomy":"category","embeddable":true,"href":"https:\/\/nvnoticias.mx\/index.php\/wp-json\/wp\/v2\/categories?post=89074"},{"taxonomy":"post_tag","embeddable":true,"href":"https:\/\/nvnoticias.mx\/index.php\/wp-json\/wp\/v2\/tags?post=89074"}],"curies":[{"name":"wp","href":"https:\/\/api.w.org\/{rel}","templated":true}]}}