{"id":89021,"date":"2023-01-05T11:16:10","date_gmt":"2023-01-05T17:16:10","guid":{"rendered":"https:\/\/nvnoticias.mx\/?p=89021"},"modified":"2023-01-05T13:03:09","modified_gmt":"2023-01-05T19:03:09","slug":"invita-marina-a-la-poblacion-a-asistir-a-la-demostracion-de-ejercicios-navales-operaciones-en-la-mar","status":"publish","type":"post","link":"https:\/\/nvnoticias.mx\/index.php\/2023\/01\/05\/invita-marina-a-la-poblacion-a-asistir-a-la-demostracion-de-ejercicios-navales-operaciones-en-la-mar\/","title":{"rendered":"Invita Marina a la poblaci\u00f3n a asistir a la demostraci\u00f3n de ejercicios navales &#8220;Operaciones en la Mar&#8221;"},"content":{"rendered":"\n<p>La Secretar\u00eda de Marina-Armada de M\u00e9xico a trav\u00e9s de la Tercera Regi\u00f3n Naval, invita al p\u00fablico en general a asistir a la demostraci\u00f3n de ejercicios navales denominado \u201cOperaciones en la Mar\u201d, que se llevar\u00e1n a cabo en la playa Juan Pablo II, del Municipio de Boca del R\u00edo, Ver., ubicada en Boulevard Manuel \u00c1vila Camacho, esquina Juan Pablo II, el pr\u00f3ximo d\u00eda s\u00e1bado 7 de enero del presente a\u00f1o, a las 10:00 de la ma\u00f1ana.<\/p>\n\n\n\n<p>Estos eventos tienen como objetivo mostrar a la poblaci\u00f3n civil las capacidades del personal de la Armada de M\u00e9xico, altamente entrenado, con la ejecuci\u00f3n de ejercicios mar\u00edtimos y operaciones anfibias, fundamentando su actuar con los valores institucionales de Honor, Deber, Lealtad y Patriotismo, en cumplimiento a las funciones y atribuciones de nuestra instituci\u00f3n, respecto al mantenimiento del estado de derecho en puertos, municipios costeros, playas, costas y zonas mar\u00edtimas mexicanas.<\/p>\n\n\n\n<p>El p\u00fablico podr\u00e1 disfrutar del evento con la Banda de M\u00fasica y Grupo Musical \u201cLa Pandilla\u201d, de la Heroica Escuela Naval Militar, y posteriormente con las demostraciones de B\u00fasqueda y Rescate y operaciones anfibias, por parte del personal que integra la Infanter\u00eda de Marina de la Armada de M\u00e9xico.<\/p>\n\n\n\n<p>De esta manera, la Secretar\u00eda de Marina-Armada de M\u00e9xico motiva el acercamiento de la sociedad mexicana.<\/p>\n","protected":false},"excerpt":{"rendered":"<p>La Secretar\u00eda de Marina-Armada de M\u00e9xico a trav\u00e9s de la Tercera Regi\u00f3n Naval, invita al p\u00fablico en general a asistir a la demostraci\u00f3n de ejercicios navales denominado \u201cOperaciones en la Mar\u201d, que se llevar\u00e1n a cabo en la playa Juan Pablo II, del Municipio de Boca del R\u00edo, Ver., ubicada en Boulevard Manuel \u00c1vila Camacho, [&hellip;]<\/p>\n","protected":false},"author":35,"featured_media":86905,"comment_status":"open","ping_status":"open","sticky":false,"template":"","format":"standard","meta":{"_monsterinsights_skip_tracking":false,"_monsterinsights_sitenote_active":false,"_monsterinsights_sitenote_note":"","_monsterinsights_sitenote_category":0,"footnotes":""},"categories":[154],"tags":[22322,5605,22321],"class_list":["post-89021","post","type-post","status-publish","format-standard","has-post-thumbnail","hentry","category-veracruz","tag-demostracion","tag-marina","tag-operaciones-en-la-mar","wp-image-borders"],"amp_enabled":true,"_links":{"self":[{"href":"https:\/\/nvnoticias.mx\/index.php\/wp-json\/wp\/v2\/posts\/89021","targetHints":{"allow":["GET"]}}],"collection":[{"href":"https:\/\/nvnoticias.mx\/index.php\/wp-json\/wp\/v2\/posts"}],"about":[{"href":"https:\/\/nvnoticias.mx\/index.php\/wp-json\/wp\/v2\/types\/post"}],"author":[{"embeddable":true,"href":"https:\/\/nvnoticias.mx\/index.php\/wp-json\/wp\/v2\/users\/35"}],"replies":[{"embeddable":true,"href":"https:\/\/nvnoticias.mx\/index.php\/wp-json\/wp\/v2\/comments?post=89021"}],"version-history":[{"count":1,"href":"https:\/\/nvnoticias.mx\/index.php\/wp-json\/wp\/v2\/posts\/89021\/revisions"}],"predecessor-version":[{"id":89022,"href":"https:\/\/nvnoticias.mx\/index.php\/wp-json\/wp\/v2\/posts\/89021\/revisions\/89022"}],"wp:featuredmedia":[{"embeddable":true,"href":"https:\/\/nvnoticias.mx\/index.php\/wp-json\/wp\/v2\/media\/86905"}],"wp:attachment":[{"href":"https:\/\/nvnoticias.mx\/index.php\/wp-json\/wp\/v2\/media?parent=89021"}],"wp:term":[{"taxonomy":"category","embeddable":true,"href":"https:\/\/nvnoticias.mx\/index.php\/wp-json\/wp\/v2\/categories?post=89021"},{"taxonomy":"post_tag","embeddable":true,"href":"https:\/\/nvnoticias.mx\/index.php\/wp-json\/wp\/v2\/tags?post=89021"}],"curies":[{"name":"wp","href":"https:\/\/api.w.org\/{rel}","templated":true}]}}